
{"id":1431,"date":"2015-03-31T10:48:11","date_gmt":"2015-03-31T09:48:11","guid":{"rendered":"http:\/\/www.bsv-reunion.fr\/?p=1431"},"modified":"2015-04-13T10:53:13","modified_gmt":"2015-04-13T09:53:13","slug":"bsv-cultures-maraicheres-mars-2015","status":"publish","type":"post","link":"https:\/\/www.bsv-reunion.fr\/?p=1431","title":{"rendered":"BSV cultures mara\u00eech\u00e8res mars 2015"},"content":{"rendered":"<p align=\"JUSTIFY\"><span style=\"font-family: Calibri, sans-serif;\"><span style=\"font-size: small;\"><span style=\"color: #000000;\">&#8211; <\/span><span style=\"color: #000000;\"><span style=\"text-decoration: underline;\">M\u00e9t\u00e9orologie<\/span><\/span><span style=\"color: #000000;\">, \u00e0 nouveau des d\u00e9ficits hydriques.<\/span><\/span><\/span><\/p>\n<p align=\"JUSTIFY\"><span style=\"font-family: Calibri, sans-serif;\"><span style=\"font-size: small;\">&#8211; <span style=\"text-decoration: underline;\">Suivi des parcelles fixes<\/span>\u00a0:<\/span><\/span><\/p>\n<p align=\"JUSTIFY\"><span style=\"font-family: Calibri, sans-serif;\"><span style=\"font-size: small;\">Tomate, baisse des populations d&rsquo;aleurodes, moins de TYLCV, mildiou et fl\u00e9trissement bact\u00e9rien,<\/span><\/span><\/p>\n<p align=\"JUSTIFY\"><span style=\"font-family: Calibri, sans-serif;\"><span style=\"font-size: small;\">Pomme de terre, mildiou contenu, pas de probl\u00e8me notable,<\/span><\/span><\/p>\n<p align=\"JUSTIFY\"><span style=\"font-family: Calibri, sans-serif;\"><span style=\"font-size: small;\">Laitue, pourriture du collet du \u00e0 Rhizoctonia,<\/span><\/span><\/p>\n<p align=\"JUSTIFY\"><span style=\"font-family: Calibri, sans-serif;\"><span style=\"font-size: small;\">Cucurbitac\u00e9es, forte pression des mouches des l\u00e9gumes.<\/span><\/span><\/p>\n<p align=\"JUSTIFY\"><span style=\"font-family: Calibri, sans-serif;\"><span style=\"font-size: small;\">&#8211; <span style=\"text-decoration: underline;\">Remont\u00e9es de terrain des parcelles flottantes\u00a0<\/span>:<\/span><\/span><\/p>\n<p align=\"JUSTIFY\"><span style=\"font-family: Calibri, sans-serif;\"><span style=\"font-size: small;\">Moucheture bact\u00e9rienne sur tomate.<\/span><\/span><\/p>\n<p align=\"JUSTIFY\"><span style=\"font-family: Calibri, sans-serif;\"><span style=\"font-size: small;\">Verticilliose omnipr\u00e9sente sur aubergine<\/span><\/span><\/p>\n<p align=\"JUSTIFY\"><span style=\"font-family: Calibri, sans-serif;\"><span style=\"font-size: small;\">&#8211; <span style=\"text-decoration: underline;\">Etat des lieux sur les viroses de la tomate cultiv\u00e9e sous abris, enqu\u00eate r\u00e9alis\u00e9e par l&rsquo;ARMEFLHOR.<\/span><\/span><\/span><\/p>\n<p><a href=\"https:\/\/www.bsv-reunion.fr\/wp-content\/uploads\/2015\/04\/BSV-MARAICHAGE-mars-2015.pdf\">BSV MARAICHAGE mars 2015<\/a><\/p>\n<p>&nbsp;<\/p>\n<p>&nbsp;<\/p>\n<p>&nbsp;<\/p>\n","protected":false},"excerpt":{"rendered":"<p>&#8211; M\u00e9t\u00e9orologie, \u00e0 nouveau des d\u00e9ficits hydriques. &#8211; Suivi des parcelles fixes\u00a0: Tomate, baisse des populations d&rsquo;aleurodes, moins de TYLCV, mildiou et fl\u00e9trissement bact\u00e9rien, Pomme de terre, mildiou contenu, pas de probl\u00e8me notable, Laitue, pourriture du collet du \u00e0 Rhizoctonia, Cucurbitac\u00e9es, forte pression des mouches des l\u00e9gumes. &#8211; Remont\u00e9es de terrain des parcelles flottantes\u00a0: Moucheture bact\u00e9rienne sur tomate. Verticilliose omnipr\u00e9sente [&hellip;]<\/p>\n","protected":false},"author":6,"featured_media":0,"comment_status":"closed","ping_status":"open","sticky":false,"template":"","format":"standard","meta":{"footnotes":""},"categories":[28],"tags":[202,80,89,204,201,203,200],"class_list":["post-1431","post","type-post","status-publish","format-standard","hentry","category-bsv_cultures-maraicheres","tag-fletrissement-bacterien","tag-mildiou","tag-mouches-des-legumes","tag-moucheture-bacterienne","tag-rhizoctonia","tag-verticiliose","tag-viroses-tomate"],"_links":{"self":[{"href":"https:\/\/www.bsv-reunion.fr\/index.php?rest_route=\/wp\/v2\/posts\/1431","targetHints":{"allow":["GET"]}}],"collection":[{"href":"https:\/\/www.bsv-reunion.fr\/index.php?rest_route=\/wp\/v2\/posts"}],"about":[{"href":"https:\/\/www.bsv-reunion.fr\/index.php?rest_route=\/wp\/v2\/types\/post"}],"author":[{"embeddable":true,"href":"https:\/\/www.bsv-reunion.fr\/index.php?rest_route=\/wp\/v2\/users\/6"}],"replies":[{"embeddable":true,"href":"https:\/\/www.bsv-reunion.fr\/index.php?rest_route=%2Fwp%2Fv2%2Fcomments&post=1431"}],"version-history":[{"count":1,"href":"https:\/\/www.bsv-reunion.fr\/index.php?rest_route=\/wp\/v2\/posts\/1431\/revisions"}],"predecessor-version":[{"id":1434,"href":"https:\/\/www.bsv-reunion.fr\/index.php?rest_route=\/wp\/v2\/posts\/1431\/revisions\/1434"}],"wp:attachment":[{"href":"https:\/\/www.bsv-reunion.fr\/index.php?rest_route=%2Fwp%2Fv2%2Fmedia&parent=1431"}],"wp:term":[{"taxonomy":"category","embeddable":true,"href":"https:\/\/www.bsv-reunion.fr\/index.php?rest_route=%2Fwp%2Fv2%2Fcategories&post=1431"},{"taxonomy":"post_tag","embeddable":true,"href":"https:\/\/www.bsv-reunion.fr\/index.php?rest_route=%2Fwp%2Fv2%2Ftags&post=1431"}],"curies":[{"name":"wp","href":"https:\/\/api.w.org\/{rel}","templated":true}]}}