
{"id":2325,"date":"2018-01-31T04:57:17","date_gmt":"2018-01-31T03:57:17","guid":{"rendered":"http:\/\/www.bsv-reunion.fr\/?p=2325"},"modified":"2018-04-04T08:35:39","modified_gmt":"2018-04-04T07:35:39","slug":"bsv-cultures-maraicheres-janvier-2018","status":"publish","type":"post","link":"https:\/\/www.bsv-reunion.fr\/?p=2325","title":{"rendered":"BSV cultures mara\u00eech\u00e8res &#8211; Janvier 2018"},"content":{"rendered":"<p><a href=\"https:\/\/www.bsv-reunion.fr\/wp-content\/uploads\/2018\/01\/BSV-maraichage-janvier-2018-V2.pdf\">&gt;&gt; T\u00e9l\u00e9charger le BSV &#8211; cultures mara\u00eech\u00e8res de janvier 2018 &lt;&lt;<\/a><\/p>\n<p>A retenir :<\/p>\n<p>&#8211; <u>M\u00e9t\u00e9orologie<\/u>, exc\u00e9dent hydrique exceptionnel d\u00fb \u00e0 2 syst\u00e8mes d\u00e9pressionnaires, AVA du 2 au 8 janvier, et surtout BERGUITTA, \u00e0 partir du 11. Les secteurs Sud et Sud-Ouest sont les plus concern\u00e9s.<\/p>\n<p>Les temp\u00e9ratures reviennent \u00e0 la normale.<\/p>\n<p>&#8211; <u>Suivi des parcelles fixes<\/u>\u00a0:<\/p>\n<p>Tomate\u00a0: peu de ravageurs relev\u00e9s, attaques cryptogamiques et bact\u00e9riennes importantes.<\/p>\n<p>Pomme de terre\u00a0: des parcelles ravin\u00e9es, des plants d\u00e9truits, le mildiou difficilement contr\u00f4lable.<\/p>\n<p>Laitue\u00a0: forts d\u00e9g\u00e2ts sur culture, pourriture du collet et botrytis g\u00e9n\u00e9ralis\u00e9s.<\/p>\n<p>Cucurbitac\u00e9es\u00a0: attaques importantes de mouches des l\u00e9gumes sur chouchou, parcelles de courgettes d\u00e9truites.<\/p>\n<p><u>FOCUS<\/u>\u00a0: premiers soins \u00e0 apporter aux cultures l\u00e9gumi\u00e8res apr\u00e8s cyclone.<\/p>\n<p>&#8211; <u>Etat sanitaire des cultures sous abri<\/u> :<\/p>\n<p>D\u00e9g\u00e2ts importants dans les serres d\u00e9b\u00e2ch\u00e9es avant le passage de la temp\u00eate tropicale. De nombreuses cultures ont \u00e9t\u00e9 perdues. Forte pression sanitaire sur celles remises en production.<\/p>\n","protected":false},"excerpt":{"rendered":"<p>&gt;&gt; T\u00e9l\u00e9charger le BSV &#8211; cultures mara\u00eech\u00e8res de janvier 2018 &lt;&lt; A retenir : &#8211; M\u00e9t\u00e9orologie, exc\u00e9dent hydrique exceptionnel d\u00fb \u00e0 2 syst\u00e8mes d\u00e9pressionnaires, AVA du 2 au 8 janvier, et surtout BERGUITTA, \u00e0 partir du 11. Les secteurs Sud et Sud-Ouest sont les plus concern\u00e9s. Les temp\u00e9ratures reviennent \u00e0 la normale. &#8211; Suivi des parcelles fixes\u00a0: Tomate\u00a0: peu de [&hellip;]<\/p>\n","protected":false},"author":5,"featured_media":0,"comment_status":"closed","ping_status":"open","sticky":false,"template":"","format":"standard","meta":{"footnotes":""},"categories":[31,28],"tags":[93,329,323,246,344],"class_list":["post-2325","post","type-post","status-publish","format-standard","hentry","category-actualites","category-bsv_cultures-maraicheres","tag-botrytis","tag-culture-sous-abri","tag-gestion-post-cyclone","tag-mouches-des-cucurbitacees","tag-pourriture-collet"],"_links":{"self":[{"href":"https:\/\/www.bsv-reunion.fr\/index.php?rest_route=\/wp\/v2\/posts\/2325","targetHints":{"allow":["GET"]}}],"collection":[{"href":"https:\/\/www.bsv-reunion.fr\/index.php?rest_route=\/wp\/v2\/posts"}],"about":[{"href":"https:\/\/www.bsv-reunion.fr\/index.php?rest_route=\/wp\/v2\/types\/post"}],"author":[{"embeddable":true,"href":"https:\/\/www.bsv-reunion.fr\/index.php?rest_route=\/wp\/v2\/users\/5"}],"replies":[{"embeddable":true,"href":"https:\/\/www.bsv-reunion.fr\/index.php?rest_route=%2Fwp%2Fv2%2Fcomments&post=2325"}],"version-history":[{"count":4,"href":"https:\/\/www.bsv-reunion.fr\/index.php?rest_route=\/wp\/v2\/posts\/2325\/revisions"}],"predecessor-version":[{"id":2385,"href":"https:\/\/www.bsv-reunion.fr\/index.php?rest_route=\/wp\/v2\/posts\/2325\/revisions\/2385"}],"wp:attachment":[{"href":"https:\/\/www.bsv-reunion.fr\/index.php?rest_route=%2Fwp%2Fv2%2Fmedia&parent=2325"}],"wp:term":[{"taxonomy":"category","embeddable":true,"href":"https:\/\/www.bsv-reunion.fr\/index.php?rest_route=%2Fwp%2Fv2%2Fcategories&post=2325"},{"taxonomy":"post_tag","embeddable":true,"href":"https:\/\/www.bsv-reunion.fr\/index.php?rest_route=%2Fwp%2Fv2%2Ftags&post=2325"}],"curies":[{"name":"wp","href":"https:\/\/api.w.org\/{rel}","templated":true}]}}