
{"id":2423,"date":"2018-05-31T05:33:31","date_gmt":"2018-05-31T04:33:31","guid":{"rendered":"http:\/\/www.bsv-reunion.fr\/?p=2423"},"modified":"2018-06-28T05:39:06","modified_gmt":"2018-06-28T04:39:06","slug":"bsv-cultures-fruitieres-mai-2018","status":"publish","type":"post","link":"https:\/\/www.bsv-reunion.fr\/?p=2423","title":{"rendered":"BSV cultures fruiti\u00e8res &#8211; Mai 2018"},"content":{"rendered":"<p><a href=\"https:\/\/www.bsv-reunion.fr\/wp-content\/uploads\/2018\/06\/BSV-FRUIT-MAI-2018-final.pdf\">&gt;&gt; T\u00e9l\u00e9charger le BSV &#8211; cultures fruiti\u00e8res de mai 2018 &lt;&lt;<\/a><\/p>\n<p>A retenir :<\/p>\n<p>M\u00e9t\u00e9orologie : la pluviom\u00e9trie est contrast\u00e9e entre l\u2019Ouest fortement d\u00e9ficitaire et la frange Est correctement arros\u00e9e pour un mois de mai.<\/p>\n<p>Agrumes : malgr\u00e9 la diminution des captures, il est imp\u00e9ratif de rester vigilant sur la mouche des fruits.<\/p>\n<p>Ananas\u00a0: pour les replantations, toujours privil\u00e9gier des rejets issus de parcelles saines.<\/p>\n<p>Manguier\u00a0: parcelle en repos v\u00e9g\u00e9tatif.<\/p>\n<p>&nbsp;<\/p>\n","protected":false},"excerpt":{"rendered":"<p>&gt;&gt; T\u00e9l\u00e9charger le BSV &#8211; cultures fruiti\u00e8res de mai 2018 &lt;&lt; A retenir : M\u00e9t\u00e9orologie : la pluviom\u00e9trie est contrast\u00e9e entre l\u2019Ouest fortement d\u00e9ficitaire et la frange Est correctement arros\u00e9e pour un mois de mai. Agrumes : malgr\u00e9 la diminution des captures, il est imp\u00e9ratif de rester vigilant sur la mouche des fruits. Ananas\u00a0: pour les replantations, toujours privil\u00e9gier des [&hellip;]<\/p>\n","protected":false},"author":5,"featured_media":0,"comment_status":"closed","ping_status":"open","sticky":false,"template":"","format":"standard","meta":{"footnotes":""},"categories":[31,27],"tags":[235,276],"class_list":["post-2423","post","type-post","status-publish","format-standard","hentry","category-actualites","category-bsv_cultures-fruitieres","tag-cochenille-ananas","tag-mouche-des-fruits"],"_links":{"self":[{"href":"https:\/\/www.bsv-reunion.fr\/index.php?rest_route=\/wp\/v2\/posts\/2423","targetHints":{"allow":["GET"]}}],"collection":[{"href":"https:\/\/www.bsv-reunion.fr\/index.php?rest_route=\/wp\/v2\/posts"}],"about":[{"href":"https:\/\/www.bsv-reunion.fr\/index.php?rest_route=\/wp\/v2\/types\/post"}],"author":[{"embeddable":true,"href":"https:\/\/www.bsv-reunion.fr\/index.php?rest_route=\/wp\/v2\/users\/5"}],"replies":[{"embeddable":true,"href":"https:\/\/www.bsv-reunion.fr\/index.php?rest_route=%2Fwp%2Fv2%2Fcomments&post=2423"}],"version-history":[{"count":1,"href":"https:\/\/www.bsv-reunion.fr\/index.php?rest_route=\/wp\/v2\/posts\/2423\/revisions"}],"predecessor-version":[{"id":2425,"href":"https:\/\/www.bsv-reunion.fr\/index.php?rest_route=\/wp\/v2\/posts\/2423\/revisions\/2425"}],"wp:attachment":[{"href":"https:\/\/www.bsv-reunion.fr\/index.php?rest_route=%2Fwp%2Fv2%2Fmedia&parent=2423"}],"wp:term":[{"taxonomy":"category","embeddable":true,"href":"https:\/\/www.bsv-reunion.fr\/index.php?rest_route=%2Fwp%2Fv2%2Fcategories&post=2423"},{"taxonomy":"post_tag","embeddable":true,"href":"https:\/\/www.bsv-reunion.fr\/index.php?rest_route=%2Fwp%2Fv2%2Ftags&post=2423"}],"curies":[{"name":"wp","href":"https:\/\/api.w.org\/{rel}","templated":true}]}}