
{"id":2607,"date":"2019-02-01T08:04:35","date_gmt":"2019-02-01T07:04:35","guid":{"rendered":"http:\/\/www.bsv-reunion.fr\/?p=2607"},"modified":"2019-04-16T08:07:51","modified_gmt":"2019-04-16T07:07:51","slug":"bsv-cultures-fruitieres-fevrier-2019","status":"publish","type":"post","link":"https:\/\/www.bsv-reunion.fr\/?p=2607","title":{"rendered":"BSV cultures fruiti\u00e8res &#8211; F\u00e9vrier 2019"},"content":{"rendered":"<p align=\"JUSTIFY\"><span style=\"font-family: Calibri;\"><span style=\"font-size: small;\"><span style=\"color: #000000;\"><span lang=\"zxx\"><b>M\u00e9t\u00e9orologie : <\/b><\/span><\/span><span style=\"color: #000000;\"><span lang=\"zxx\">les <\/span><\/span><span style=\"color: #000000;\"><span style=\"font-family: Calibri, sans-serif;\"><span lang=\"zxx\">conditions de forte pluviom\u00e9trie et de chaleur ont favoris\u00e9 le d\u00e9veloppement des mouches des fruits.<\/span><\/span><\/span> <\/span><\/span><\/p>\n<p align=\"JUSTIFY\"><span style=\"font-family: Calibri;\"><span style=\"font-size: small;\"><span style=\"color: #000000;\"><span style=\"font-family: Calibri, sans-serif;\"><span lang=\"fr-FR\"><b>Agrumes<\/b><\/span><\/span><\/span><span style=\"color: #000000;\"><span style=\"font-family: Calibri, sans-serif;\"><b>: <\/b><\/span><\/span><span style=\"color: #000000;\"><span style=\"font-family: Calibri, sans-serif;\">avec les temp\u00e9ratures qui augmentent, il faut rester vigilant sur la cochenilles farineuse.<\/span><\/span><\/span><\/span><\/p>\n<p align=\"JUSTIFY\"><span style=\"font-family: Calibri, sans-serif;\"><span style=\"font-size: small;\"><span style=\"color: #000000;\"><b>M<\/b><\/span><span style=\"color: #000000;\"><b>anguier\u00a0: <\/b><\/span><span style=\"color: #000000;\">les vergers en production subissent des attaques fortes de <\/span><span style=\"color: #000000;\"><i>B. dorsalis.<\/i><\/span><span style=\"color: #000000;\"> Se r\u00e9f\u00e9rer aux derniers bulletins qui pr\u00e9sentent la mise en \u0153uvre des bonnes pratiques.<\/span><\/span><\/span><\/p>\n<p align=\"JUSTIFY\"><a href=\"https:\/\/www.bsv-reunion.fr\/wp-content\/uploads\/2019\/04\/BSV-fruits-f\u00e9vrier-2019-VF.pdf\">BSV fruits f\u00e9vrier 2019 VF<\/a><\/p>\n","protected":false},"excerpt":{"rendered":"<p>M\u00e9t\u00e9orologie : les conditions de forte pluviom\u00e9trie et de chaleur ont favoris\u00e9 le d\u00e9veloppement des mouches des fruits. Agrumes: avec les temp\u00e9ratures qui augmentent, il faut rester vigilant sur la cochenilles farineuse. Manguier\u00a0: les vergers en production subissent des attaques fortes de B. dorsalis. Se r\u00e9f\u00e9rer aux derniers bulletins qui pr\u00e9sentent la mise en \u0153uvre des bonnes pratiques. BSV fruits [&hellip;]<\/p>\n","protected":false},"author":6,"featured_media":0,"comment_status":"closed","ping_status":"open","sticky":false,"template":"","format":"standard","meta":{"footnotes":""},"categories":[27],"tags":[391],"class_list":["post-2607","post","type-post","status-publish","format-standard","hentry","category-bsv_cultures-fruitieres","tag-b-dorsalis"],"_links":{"self":[{"href":"https:\/\/www.bsv-reunion.fr\/index.php?rest_route=\/wp\/v2\/posts\/2607","targetHints":{"allow":["GET"]}}],"collection":[{"href":"https:\/\/www.bsv-reunion.fr\/index.php?rest_route=\/wp\/v2\/posts"}],"about":[{"href":"https:\/\/www.bsv-reunion.fr\/index.php?rest_route=\/wp\/v2\/types\/post"}],"author":[{"embeddable":true,"href":"https:\/\/www.bsv-reunion.fr\/index.php?rest_route=\/wp\/v2\/users\/6"}],"replies":[{"embeddable":true,"href":"https:\/\/www.bsv-reunion.fr\/index.php?rest_route=%2Fwp%2Fv2%2Fcomments&post=2607"}],"version-history":[{"count":1,"href":"https:\/\/www.bsv-reunion.fr\/index.php?rest_route=\/wp\/v2\/posts\/2607\/revisions"}],"predecessor-version":[{"id":2609,"href":"https:\/\/www.bsv-reunion.fr\/index.php?rest_route=\/wp\/v2\/posts\/2607\/revisions\/2609"}],"wp:attachment":[{"href":"https:\/\/www.bsv-reunion.fr\/index.php?rest_route=%2Fwp%2Fv2%2Fmedia&parent=2607"}],"wp:term":[{"taxonomy":"category","embeddable":true,"href":"https:\/\/www.bsv-reunion.fr\/index.php?rest_route=%2Fwp%2Fv2%2Fcategories&post=2607"},{"taxonomy":"post_tag","embeddable":true,"href":"https:\/\/www.bsv-reunion.fr\/index.php?rest_route=%2Fwp%2Fv2%2Ftags&post=2607"}],"curies":[{"name":"wp","href":"https:\/\/api.w.org\/{rel}","templated":true}]}}