
{"id":2618,"date":"2019-03-31T11:25:14","date_gmt":"2019-03-31T10:25:14","guid":{"rendered":"http:\/\/www.bsv-reunion.fr\/?p=2618"},"modified":"2021-03-22T07:38:51","modified_gmt":"2021-03-22T06:38:51","slug":"bsv-cultures-fruitieres-mars-2019","status":"publish","type":"post","link":"https:\/\/www.bsv-reunion.fr\/?p=2618","title":{"rendered":"BSV cultures fruiti\u00e8res &#8211; Mars 2019"},"content":{"rendered":"<p><a href=\"https:\/\/www.bsv-reunion.fr\/wp-content\/uploads\/2019\/03\/BSV-fruits-MARS-2019-final.pdf\">&gt;&gt; T\u00e9l\u00e9charger le BSV &#8211; cultures fruiti\u00e8res de mars 2019 &lt;&lt;<\/a><\/p>\n<p>A retenir :<\/p>\n<p><strong>M\u00e9t\u00e9orologie:<\/strong> les pluies sont toujours d\u00e9ficitaires.<\/p>\n<p><strong>Agrumes: <\/strong>pr\u00e9sence de t\u00e9tranyque sur les parcelles en basse altitude.<\/p>\n<p><strong>Manguier\u00a0: <\/strong>pr\u00e9sence d&rsquo;inflorescence tardive et pr\u00e9sence de longicorne.<\/p>\n<p><strong>Mouche des fruits<\/strong>\u00a0: pr\u00e9sence g\u00e9n\u00e9ralis\u00e9e de <em>Bactrocera dorsalis<\/em>. Mettez en place la strat\u00e9gie de lutte.<\/p>\n","protected":false},"excerpt":{"rendered":"<p>&gt;&gt; T\u00e9l\u00e9charger le BSV &#8211; cultures fruiti\u00e8res de mars 2019 &lt;&lt; A retenir : M\u00e9t\u00e9orologie: les pluies sont toujours d\u00e9ficitaires. Agrumes: pr\u00e9sence de t\u00e9tranyque sur les parcelles en basse altitude. Manguier\u00a0: pr\u00e9sence d&rsquo;inflorescence tardive et pr\u00e9sence de longicorne. Mouche des fruits\u00a0: pr\u00e9sence g\u00e9n\u00e9ralis\u00e9e de Bactrocera dorsalis. Mettez en place la strat\u00e9gie de lutte.<\/p>\n","protected":false},"author":5,"featured_media":0,"comment_status":"closed","ping_status":"open","sticky":false,"template":"","format":"standard","meta":{"footnotes":""},"categories":[31,27],"tags":[274,393,110],"class_list":["post-2618","post","type-post","status-publish","format-standard","hentry","category-actualites","category-bsv_cultures-fruitieres","tag-bactrocera-dorsalis","tag-parastethorus-incompletus","tag-tetranyques"],"_links":{"self":[{"href":"https:\/\/www.bsv-reunion.fr\/index.php?rest_route=\/wp\/v2\/posts\/2618","targetHints":{"allow":["GET"]}}],"collection":[{"href":"https:\/\/www.bsv-reunion.fr\/index.php?rest_route=\/wp\/v2\/posts"}],"about":[{"href":"https:\/\/www.bsv-reunion.fr\/index.php?rest_route=\/wp\/v2\/types\/post"}],"author":[{"embeddable":true,"href":"https:\/\/www.bsv-reunion.fr\/index.php?rest_route=\/wp\/v2\/users\/5"}],"replies":[{"embeddable":true,"href":"https:\/\/www.bsv-reunion.fr\/index.php?rest_route=%2Fwp%2Fv2%2Fcomments&post=2618"}],"version-history":[{"count":2,"href":"https:\/\/www.bsv-reunion.fr\/index.php?rest_route=\/wp\/v2\/posts\/2618\/revisions"}],"predecessor-version":[{"id":3107,"href":"https:\/\/www.bsv-reunion.fr\/index.php?rest_route=\/wp\/v2\/posts\/2618\/revisions\/3107"}],"wp:attachment":[{"href":"https:\/\/www.bsv-reunion.fr\/index.php?rest_route=%2Fwp%2Fv2%2Fmedia&parent=2618"}],"wp:term":[{"taxonomy":"category","embeddable":true,"href":"https:\/\/www.bsv-reunion.fr\/index.php?rest_route=%2Fwp%2Fv2%2Fcategories&post=2618"},{"taxonomy":"post_tag","embeddable":true,"href":"https:\/\/www.bsv-reunion.fr\/index.php?rest_route=%2Fwp%2Fv2%2Ftags&post=2618"}],"curies":[{"name":"wp","href":"https:\/\/api.w.org\/{rel}","templated":true}]}}