
{"id":2683,"date":"2019-07-29T12:00:44","date_gmt":"2019-07-29T11:00:44","guid":{"rendered":"http:\/\/www.bsv-reunion.fr\/?p=2683"},"modified":"2024-05-16T06:11:27","modified_gmt":"2024-05-16T05:11:27","slug":"bsv-special-mouches-des-fruits","status":"publish","type":"post","link":"https:\/\/www.bsv-reunion.fr\/?p=2683","title":{"rendered":"Fiche phytosanitaire gestion des mouches des fruits"},"content":{"rendered":"<p>La probl\u00e9matique mouches des fruits prend de l&rsquo;ampleur depuis l&rsquo;arriv\u00e9e en 2017 de <em>Bactrocera dorsalis<\/em>.<\/p>\n<p>Pour pr\u00e9venir les d\u00e9g\u00e2ts au retour de l&rsquo;\u00e9t\u00e9 austral, une conf\u00e9rence de presse organis\u00e9e par le Conseil D\u00e9partemental de La R\u00e9union et la FDGDON a eu lieu le 26 juillet 2019 sur les moyens de gestions de la mouche orientale des fruits&nbsp;<i>Bactrocera dorsalis<\/i>. Elle s&rsquo;est d\u00e9roul\u00e9e \u00e0 Saint-Paul sur l&rsquo;exploitation de M. Robert Claudy (AVO), partenaire du r\u00e9seau d&rsquo;\u00e9pid\u00e9miosurveillance.<\/p>\n<p>Cela a \u00e9t\u00e9 l&rsquo;occasion de pr\u00e9senter un BSV sp\u00e9cial qui pr\u00e9sente la biologie du bioagresseur, les d\u00e9g\u00e2ts engendr\u00e9s et les moyens de lutte bas\u00e9s essentiellement sur les principes de l&rsquo;agro-\u00e9cologie.<\/p>\n<p style=\"text-align: center;\">Agriculteurs, particuliers, agissons ensemble contre la mouche orientale des fruits !<\/p>\n<p style=\"text-align: center;\"><a href=\"https:\/\/www.bsv-reunion.fr\/wp-content\/uploads\/2019\/07\/BSV-Special-MDF-final-270123.pdf\">&gt;&gt; BSV Sp\u00e9cial mouches des fruits &lt;&lt;<\/a><\/p>\n<p><a href=\"https:\/\/www.bsv-reunion.fr\/wp-content\/uploads\/2019\/07\/142A5293.jpg\"><img loading=\"lazy\" decoding=\"async\" class=\"alignnone wp-image-2688\" src=\"https:\/\/www.bsv-reunion.fr\/wp-content\/uploads\/2019\/07\/142A5293.jpg\" alt=\"\" width=\"251\" height=\"168\">&nbsp; &nbsp; &nbsp; &nbsp; &nbsp; &nbsp; &nbsp; &nbsp; &nbsp; &nbsp;&nbsp;<\/a><a href=\"https:\/\/www.bsv-reunion.fr\/wp-content\/uploads\/2019\/07\/142a5345.jpg\"><img loading=\"lazy\" decoding=\"async\" class=\"alignnone wp-image-2689\" src=\"https:\/\/www.bsv-reunion.fr\/wp-content\/uploads\/2019\/07\/142a5345.jpg\" alt=\"\" width=\"253\" height=\"169\"><\/a><\/p>\n<p style=\"text-align: center;\">\n","protected":false},"excerpt":{"rendered":"<p>La probl\u00e9matique mouches des fruits prend de l&rsquo;ampleur depuis l&rsquo;arriv\u00e9e en 2017 de Bactrocera dorsalis. Pour pr\u00e9venir les d\u00e9g\u00e2ts au retour de l&rsquo;\u00e9t\u00e9 austral, une conf\u00e9rence de presse organis\u00e9e par le Conseil D\u00e9partemental de La R\u00e9union et la FDGDON a eu lieu le 26 juillet 2019 sur les moyens de gestions de la mouche orientale des fruits&nbsp;Bactrocera dorsalis. Elle s&rsquo;est [&hellip;]<\/p>\n","protected":false},"author":5,"featured_media":0,"comment_status":"closed","ping_status":"open","sticky":false,"template":"","format":"standard","meta":{"footnotes":""},"categories":[31,30,41,42,21],"tags":[274,681,652,402,653,654,246,68,679,89],"class_list":["post-2683","post","type-post","status-publish","format-standard","hentry","category-actualites","category-alerte-sanitaires","category-bsv_cultures_fruitieres","category-bsv_cultures_maraicheres","category-fiche-phytosanitaires","tag-bactrocera-dorsalis","tag-gestion-des-mouches-des-fruits-et-des-legumes","tag-gestion-des-mouches-des-legumes","tag-gestion-mouches-des-fruits","tag-lutte-contre-les-mouches-des-fruits","tag-lutte-contre-les-mouches-des-legumes","tag-mouches-des-cucurbitacees","tag-mouches-des-fruits","tag-mouches-des-fruits-et-des-legumes","tag-mouches-des-legumes"],"_links":{"self":[{"href":"https:\/\/www.bsv-reunion.fr\/index.php?rest_route=\/wp\/v2\/posts\/2683","targetHints":{"allow":["GET"]}}],"collection":[{"href":"https:\/\/www.bsv-reunion.fr\/index.php?rest_route=\/wp\/v2\/posts"}],"about":[{"href":"https:\/\/www.bsv-reunion.fr\/index.php?rest_route=\/wp\/v2\/types\/post"}],"author":[{"embeddable":true,"href":"https:\/\/www.bsv-reunion.fr\/index.php?rest_route=\/wp\/v2\/users\/5"}],"replies":[{"embeddable":true,"href":"https:\/\/www.bsv-reunion.fr\/index.php?rest_route=%2Fwp%2Fv2%2Fcomments&post=2683"}],"version-history":[{"count":9,"href":"https:\/\/www.bsv-reunion.fr\/index.php?rest_route=\/wp\/v2\/posts\/2683\/revisions"}],"predecessor-version":[{"id":4188,"href":"https:\/\/www.bsv-reunion.fr\/index.php?rest_route=\/wp\/v2\/posts\/2683\/revisions\/4188"}],"wp:attachment":[{"href":"https:\/\/www.bsv-reunion.fr\/index.php?rest_route=%2Fwp%2Fv2%2Fmedia&parent=2683"}],"wp:term":[{"taxonomy":"category","embeddable":true,"href":"https:\/\/www.bsv-reunion.fr\/index.php?rest_route=%2Fwp%2Fv2%2Fcategories&post=2683"},{"taxonomy":"post_tag","embeddable":true,"href":"https:\/\/www.bsv-reunion.fr\/index.php?rest_route=%2Fwp%2Fv2%2Ftags&post=2683"}],"curies":[{"name":"wp","href":"https:\/\/api.w.org\/{rel}","templated":true}]}}