
{"id":2770,"date":"2019-11-30T05:18:58","date_gmt":"2019-11-30T04:18:58","guid":{"rendered":"http:\/\/www.bsv-reunion.fr\/?p=2770"},"modified":"2020-01-09T05:24:06","modified_gmt":"2020-01-09T04:24:06","slug":"bsv-cultures-maraicheres-novembre-2019","status":"publish","type":"post","link":"https:\/\/www.bsv-reunion.fr\/?p=2770","title":{"rendered":"BSV cultures mara\u00eech\u00e8res novembre 2019"},"content":{"rendered":"<p align=\"JUSTIFY\"><span style=\"font-family: Calibri, sans-serif;\"><span style=\"font-size: small;\"><span style=\"color: #000000;\">&#8211; <\/span><span style=\"color: #000000;\"><u>M\u00e9t\u00e9orologie<\/u><\/span><span style=\"color: #000000;\">\u00a0:<\/span> la pluviom\u00e9trie est fortement exc\u00e9dentaire ce mois-ci, avec un bilan global sup\u00e9rieur de 60 % <span style=\"color: #000000;\">\u00e0 la normale 1981-2010 et on rel\u00e8ve aussi des temp\u00e9ratures records pour un mois de novembre, avec un \u00e9cart de + 1,2\u00b0C.<\/span><\/span><\/span><\/p>\n<p align=\"JUSTIFY\"><span style=\"font-family: Calibri, sans-serif;\"><span style=\"font-size: small;\">&#8211; <u>Suivi des parcelles fixes<\/u>\u00a0:<\/span><\/span><\/p>\n<p align=\"JUSTIFY\"><span style=\"font-family: Calibri, sans-serif;\"><span style=\"font-size: small;\">Tomate\u00a0: pr\u00e9sence de <i>Tuta absoluta<\/i> sur les parcelles.<\/span><\/span><\/p>\n<p align=\"JUSTIFY\"><span style=\"font-family: Calibri, sans-serif;\"><span style=\"font-size: small;\">Pomme de terre\u00a0: de nouvelles plantations sont mises en place, forte pression du mildiou.<\/span><\/span><\/p>\n<p align=\"JUSTIFY\"><span style=\"font-family: Calibri, sans-serif;\"><span style=\"font-size: small;\">Laitue\u00a0: la pourriture du collet est en augmentation.<\/span><\/span><\/p>\n<p align=\"JUSTIFY\"><span style=\"font-family: Calibri, sans-serif;\"><span style=\"font-size: small;\">Cucurbitac\u00e9es\u00a0: attaque des mouches des fruits et des l\u00e9gumes en hausse.<\/span><\/span><\/p>\n<p lang=\"zxx\" align=\"JUSTIFY\"><span style=\"color: #000000;\"><span style=\"font-family: Calibri, sans-serif;\"><span style=\"font-size: small;\">&#8211; <u>Observations ponctuelles<\/u> : <\/span><\/span><\/span><\/p>\n<p lang=\"zxx\" align=\"JUSTIFY\"><span style=\"color: #000000;\"><span style=\"font-family: Calibri, sans-serif;\"><span style=\"font-size: small;\"><i>Tuta absoluta<\/i> : retrouv\u00e9e sur de nombreuses parcelles de tomates de plein champ, d\u00e9g\u00e2ts parfois importants.<\/span><\/span><\/span><\/p>\n<p lang=\"zxx\" align=\"JUSTIFY\"><span style=\"color: #000000;\"><span style=\"font-family: Calibri, sans-serif;\"><span style=\"font-size: small;\">Chou pomm\u00e9, probl\u00e8me de nervation noire des Crucif\u00e8res,<\/span><\/span><\/span><\/p>\n<p lang=\"zxx\" align=\"JUSTIFY\"><span style=\"color: #000000;\"><span style=\"font-family: Calibri, sans-serif;\"><span style=\"font-size: small;\">Forte pr\u00e9sence de viroses sur Cucurbitac\u00e9es,<\/span><\/span><\/span><\/p>\n<p lang=\"zxx\" align=\"JUSTIFY\"><span style=\"color: #000000;\"><span style=\"font-family: Calibri, sans-serif;\"><span style=\"font-size: small;\">Attaques d&rsquo;o\u00efdium en augmentation en plein champ.<\/span><\/span><\/span><\/p>\n<p lang=\"zxx\" align=\"JUSTIFY\"><span style=\"color: #000000;\"><span style=\"font-family: Calibri, sans-serif;\"><span style=\"font-size: small;\">&#8211; <u>\u00c9tat sanitaire des cultures sous abri<\/u> : <\/span><\/span><\/span><\/p>\n<p lang=\"zxx\" align=\"JUSTIFY\"><span style=\"color: #000000;\"><span style=\"font-family: Calibri, sans-serif;\"><span style=\"font-size: small;\">Les attaques de ravageurs restent \u00e9lev\u00e9es, avec une tr\u00e8s forte pr\u00e9sence de la mineuse <i>Tuta absoluta.<\/i><\/span><\/span><\/span><\/p>\n<p lang=\"zxx\" align=\"JUSTIFY\"><span style=\"color: #000000;\"><span style=\"font-family: Calibri, sans-serif;\"><span style=\"font-size: small;\">L&rsquo;o\u00efdium est toujours la maladie pr\u00e9dominante avec une augmentation sensible des attaques.<\/span><\/span><\/span><\/p>\n<p lang=\"zxx\" align=\"JUSTIFY\"><a href=\"https:\/\/www.bsv-reunion.fr\/wp-content\/uploads\/2020\/01\/BSV-maraichage-novembre-2019-VF.pdf\">BSV maraichage novembre 2019 VF<\/a><\/p>\n","protected":false},"excerpt":{"rendered":"<p>&#8211; M\u00e9t\u00e9orologie\u00a0: la pluviom\u00e9trie est fortement exc\u00e9dentaire ce mois-ci, avec un bilan global sup\u00e9rieur de 60 % \u00e0 la normale 1981-2010 et on rel\u00e8ve aussi des temp\u00e9ratures records pour un mois de novembre, avec un \u00e9cart de + 1,2\u00b0C. &#8211; Suivi des parcelles fixes\u00a0: Tomate\u00a0: pr\u00e9sence de Tuta absoluta sur les parcelles. Pomme de terre\u00a0: de nouvelles plantations sont mises [&hellip;]<\/p>\n","protected":false},"author":6,"featured_media":0,"comment_status":"closed","ping_status":"open","sticky":false,"template":"","format":"standard","meta":{"footnotes":""},"categories":[28],"tags":[80,69,86,251],"class_list":["post-2770","post","type-post","status-publish","format-standard","hentry","category-bsv_cultures-maraicheres","tag-mildiou","tag-oidium","tag-pourriture-du-collet","tag-tuta-absoluta"],"_links":{"self":[{"href":"https:\/\/www.bsv-reunion.fr\/index.php?rest_route=\/wp\/v2\/posts\/2770","targetHints":{"allow":["GET"]}}],"collection":[{"href":"https:\/\/www.bsv-reunion.fr\/index.php?rest_route=\/wp\/v2\/posts"}],"about":[{"href":"https:\/\/www.bsv-reunion.fr\/index.php?rest_route=\/wp\/v2\/types\/post"}],"author":[{"embeddable":true,"href":"https:\/\/www.bsv-reunion.fr\/index.php?rest_route=\/wp\/v2\/users\/6"}],"replies":[{"embeddable":true,"href":"https:\/\/www.bsv-reunion.fr\/index.php?rest_route=%2Fwp%2Fv2%2Fcomments&post=2770"}],"version-history":[{"count":1,"href":"https:\/\/www.bsv-reunion.fr\/index.php?rest_route=\/wp\/v2\/posts\/2770\/revisions"}],"predecessor-version":[{"id":2772,"href":"https:\/\/www.bsv-reunion.fr\/index.php?rest_route=\/wp\/v2\/posts\/2770\/revisions\/2772"}],"wp:attachment":[{"href":"https:\/\/www.bsv-reunion.fr\/index.php?rest_route=%2Fwp%2Fv2%2Fmedia&parent=2770"}],"wp:term":[{"taxonomy":"category","embeddable":true,"href":"https:\/\/www.bsv-reunion.fr\/index.php?rest_route=%2Fwp%2Fv2%2Fcategories&post=2770"},{"taxonomy":"post_tag","embeddable":true,"href":"https:\/\/www.bsv-reunion.fr\/index.php?rest_route=%2Fwp%2Fv2%2Ftags&post=2770"}],"curies":[{"name":"wp","href":"https:\/\/api.w.org\/{rel}","templated":true}]}}