
{"id":2922,"date":"2020-05-31T12:46:37","date_gmt":"2020-05-31T11:46:37","guid":{"rendered":"http:\/\/www.bsv-reunion.fr\/?p=2922"},"modified":"2020-07-09T13:21:10","modified_gmt":"2020-07-09T12:21:10","slug":"bsv-cultures-fruitieres-mai-2020","status":"publish","type":"post","link":"https:\/\/www.bsv-reunion.fr\/?p=2922","title":{"rendered":"BSV cultures fruiti\u00e8res &#8211; mai 2020"},"content":{"rendered":"<p><a href=\"https:\/\/www.bsv-reunion.fr\/wp-content\/uploads\/2020\/07\/BSV-fruits-mai-final.pdf\">&gt;&gt; T\u00e9l\u00e9charger le BSV &#8211; cultures fruiti\u00e8res de mai 2020 &lt;&lt;<\/a><\/p>\n<p>\u00c0 retenir :<\/p>\n<p>M\u00e9t\u00e9orologie : pluviom\u00e9trie d\u00e9ficitaire pour ce mois sur le d\u00e9partement.<\/p>\n<p>Agrumes : on note une baisse de la production par rapport \u00e0 2019. Sur les parcelles en basse altitude, les attaques de mouches des fruits sont en augmentation. \u00c0 surveiller<\/p>\n<p>Fruit de la passion : pr\u00e9sence de fusariose sur le secteur de Saint-Louis. \u00c0 surveiller<\/p>\n<p>Mangue: les premi\u00e8res inflorescences se font voir sur la zone ouest et les premi\u00e8res attaques d&rsquo;o\u00efdium sont observ\u00e9es.<\/p>\n<p>Focus\u00a0: \u00e0 quel moment tailler ses manguiers\u00a0? Retrouvez un article complet en page 10 et 11.<\/p>\n","protected":false},"excerpt":{"rendered":"<p>&gt;&gt; T\u00e9l\u00e9charger le BSV &#8211; cultures fruiti\u00e8res de mai 2020 &lt;&lt; \u00c0 retenir : M\u00e9t\u00e9orologie : pluviom\u00e9trie d\u00e9ficitaire pour ce mois sur le d\u00e9partement. Agrumes : on note une baisse de la production par rapport \u00e0 2019. Sur les parcelles en basse altitude, les attaques de mouches des fruits sont en augmentation. \u00c0 surveiller Fruit de la passion : pr\u00e9sence [&hellip;]<\/p>\n","protected":false},"author":5,"featured_media":0,"comment_status":"closed","ping_status":"open","sticky":false,"template":"","format":"standard","meta":{"footnotes":""},"categories":[31,27],"tags":[170,402,69,430,429],"class_list":["post-2922","post","type-post","status-publish","format-standard","hentry","category-actualites","category-bsv_cultures-fruitieres","tag-fusariose","tag-gestion-mouches-des-fruits","tag-oidium","tag-taille","tag-taille-en-floraison"],"_links":{"self":[{"href":"https:\/\/www.bsv-reunion.fr\/index.php?rest_route=\/wp\/v2\/posts\/2922","targetHints":{"allow":["GET"]}}],"collection":[{"href":"https:\/\/www.bsv-reunion.fr\/index.php?rest_route=\/wp\/v2\/posts"}],"about":[{"href":"https:\/\/www.bsv-reunion.fr\/index.php?rest_route=\/wp\/v2\/types\/post"}],"author":[{"embeddable":true,"href":"https:\/\/www.bsv-reunion.fr\/index.php?rest_route=\/wp\/v2\/users\/5"}],"replies":[{"embeddable":true,"href":"https:\/\/www.bsv-reunion.fr\/index.php?rest_route=%2Fwp%2Fv2%2Fcomments&post=2922"}],"version-history":[{"count":1,"href":"https:\/\/www.bsv-reunion.fr\/index.php?rest_route=\/wp\/v2\/posts\/2922\/revisions"}],"predecessor-version":[{"id":2924,"href":"https:\/\/www.bsv-reunion.fr\/index.php?rest_route=\/wp\/v2\/posts\/2922\/revisions\/2924"}],"wp:attachment":[{"href":"https:\/\/www.bsv-reunion.fr\/index.php?rest_route=%2Fwp%2Fv2%2Fmedia&parent=2922"}],"wp:term":[{"taxonomy":"category","embeddable":true,"href":"https:\/\/www.bsv-reunion.fr\/index.php?rest_route=%2Fwp%2Fv2%2Fcategories&post=2922"},{"taxonomy":"post_tag","embeddable":true,"href":"https:\/\/www.bsv-reunion.fr\/index.php?rest_route=%2Fwp%2Fv2%2Ftags&post=2922"}],"curies":[{"name":"wp","href":"https:\/\/api.w.org\/{rel}","templated":true}]}}