
{"id":3317,"date":"2021-07-30T08:31:00","date_gmt":"2021-07-30T07:31:00","guid":{"rendered":"http:\/\/www.bsv-reunion.fr\/?p=3317"},"modified":"2021-10-26T09:13:37","modified_gmt":"2021-10-26T08:13:37","slug":"bsv-cultures-fruitieres-juillet-2021","status":"publish","type":"post","link":"https:\/\/www.bsv-reunion.fr\/?p=3317","title":{"rendered":"BSV cultures fruiti\u00e8res &#8211; Juillet 2021"},"content":{"rendered":"<p><a href=\"https:\/\/www.bsv-reunion.fr\/wp-content\/uploads\/2021\/10\/BSV-fruits-juillet-compile-final.pdf\">&gt;&gt; T\u00e9l\u00e9charger le BSV &#8211; cultures fruiti\u00e8res de juillet 2021 &lt;&lt;<\/a><\/p>\n<p>A retenir :<\/p>\n<p><strong>M\u00e9t\u00e9orologie :<\/strong> pluviom\u00e9trie exc\u00e9dentaire pour le mois de juillet.<\/p>\n<p><strong>Agrumes<\/strong> : peu de ravageurs recens\u00e9s sur les parcelles du r\u00e9seau.<\/p>\n<p><strong>Ananas : <\/strong>les fortes pluies du mois de juillet ont favoris\u00e9 l\u2019\u00e9mergence du <em>Phytophthora<\/em>. Il faut rester vigilant.<\/p>\n<p><strong>Mangue: <\/strong>arriv\u00e9e des c\u00e9cidomyies et de leurs d\u00e9g\u00e2ts sur les premi\u00e8res fleurs.<\/p>\n<p>\u00a0<\/p>\n\n\n<p><\/p>\n","protected":false},"excerpt":{"rendered":"<p>&gt;&gt; T\u00e9l\u00e9charger le BSV &#8211; cultures fruiti\u00e8res de juillet 2021 &lt;&lt; A retenir : M\u00e9t\u00e9orologie : pluviom\u00e9trie exc\u00e9dentaire pour le mois de juillet. Agrumes : peu de ravageurs recens\u00e9s sur les parcelles du r\u00e9seau. Ananas : les fortes pluies du mois de juillet ont favoris\u00e9 l\u2019\u00e9mergence du Phytophthora. Il faut rester vigilant. Mangue: arriv\u00e9e des c\u00e9cidomyies et de leurs d\u00e9g\u00e2ts [&hellip;]<\/p>\n","protected":false},"author":5,"featured_media":0,"comment_status":"closed","ping_status":"open","sticky":false,"template":"","format":"standard","meta":{"footnotes":""},"categories":[31,27],"tags":[123,121,293],"class_list":["post-3317","post","type-post","status-publish","format-standard","hentry","category-actualites","category-bsv_cultures-fruitieres","tag-cecidomyies-des-fleurs-manguier","tag-cochenille-du-papayer","tag-freckle"],"_links":{"self":[{"href":"https:\/\/www.bsv-reunion.fr\/index.php?rest_route=\/wp\/v2\/posts\/3317","targetHints":{"allow":["GET"]}}],"collection":[{"href":"https:\/\/www.bsv-reunion.fr\/index.php?rest_route=\/wp\/v2\/posts"}],"about":[{"href":"https:\/\/www.bsv-reunion.fr\/index.php?rest_route=\/wp\/v2\/types\/post"}],"author":[{"embeddable":true,"href":"https:\/\/www.bsv-reunion.fr\/index.php?rest_route=\/wp\/v2\/users\/5"}],"replies":[{"embeddable":true,"href":"https:\/\/www.bsv-reunion.fr\/index.php?rest_route=%2Fwp%2Fv2%2Fcomments&post=3317"}],"version-history":[{"count":2,"href":"https:\/\/www.bsv-reunion.fr\/index.php?rest_route=\/wp\/v2\/posts\/3317\/revisions"}],"predecessor-version":[{"id":3320,"href":"https:\/\/www.bsv-reunion.fr\/index.php?rest_route=\/wp\/v2\/posts\/3317\/revisions\/3320"}],"wp:attachment":[{"href":"https:\/\/www.bsv-reunion.fr\/index.php?rest_route=%2Fwp%2Fv2%2Fmedia&parent=3317"}],"wp:term":[{"taxonomy":"category","embeddable":true,"href":"https:\/\/www.bsv-reunion.fr\/index.php?rest_route=%2Fwp%2Fv2%2Fcategories&post=3317"},{"taxonomy":"post_tag","embeddable":true,"href":"https:\/\/www.bsv-reunion.fr\/index.php?rest_route=%2Fwp%2Fv2%2Ftags&post=3317"}],"curies":[{"name":"wp","href":"https:\/\/api.w.org\/{rel}","templated":true}]}}