
{"id":3651,"date":"2022-08-31T07:13:00","date_gmt":"2022-08-31T06:13:00","guid":{"rendered":"http:\/\/www.bsv-reunion.fr\/?p=3651"},"modified":"2023-02-27T07:16:17","modified_gmt":"2023-02-27T06:16:17","slug":"bsv-cultures-fruitieres-aout-2022","status":"publish","type":"post","link":"https:\/\/www.bsv-reunion.fr\/?p=3651","title":{"rendered":"BSV cultures fruiti\u00e8res &#8211; ao\u00fbt 2022"},"content":{"rendered":"<p><a href=\"https:\/\/www.bsv-reunion.fr\/wp-content\/uploads\/2023\/02\/BSV-fruits-aout-2022-final-.pdf\">&gt;&gt; T\u00e9l\u00e9charger le BSV &#8211; cultures fruiti\u00e8res d&rsquo;ao\u00fbt 2022 &lt;&lt;<\/a><\/p>\n<p>A retenir :<\/p>\n<p><strong>M\u00e9t\u00e9orologie :<\/strong> la pluviom\u00e9trie est d\u00e9ficitaire sur le d\u00e9partement. Les temp\u00e9ratures sont l\u00e9g\u00e8rement sup\u00e9rieures aux normales de saison et ce mois d\u2019ao\u00fbt est particuli\u00e8rement venteux.<\/p>\n<p><strong>Agrumes : <\/strong>fin de r\u00e9colte de tangor sur Petite Ile.<\/p>\n<p><strong>Banane\u00a0:<\/strong> p\u00e9riode calme mais rester vigilant\u00a0!<\/p>\n<p><strong>Ananas\u00a0: <\/strong>les baisses de temp\u00e9ratures et de la dur\u00e9e des jours favorisent l\u2019induction florale naturelle.<\/p>\n<p><strong>Manguier<\/strong>\u00a0: la floraison est une p\u00e9riode cruciale\u00a0! O\u00efdium, punaises, c\u00e9cidomyie et thrips \u00e0 surveiller\u00a0!<\/p>\n<p><strong>Papaye<\/strong>\u00a0: acariens \u00e0 surveiller\u00a0!<\/p>\n<p><strong>Focus du mois<\/strong>\u00a0: la C\u00e9cidomyie des fleurs sur manguier.<\/p>\n","protected":false},"excerpt":{"rendered":"<p>&gt;&gt; T\u00e9l\u00e9charger le BSV &#8211; cultures fruiti\u00e8res d&rsquo;ao\u00fbt 2022 &lt;&lt; A retenir : M\u00e9t\u00e9orologie : la pluviom\u00e9trie est d\u00e9ficitaire sur le d\u00e9partement. Les temp\u00e9ratures sont l\u00e9g\u00e8rement sup\u00e9rieures aux normales de saison et ce mois d\u2019ao\u00fbt est particuli\u00e8rement venteux. Agrumes : fin de r\u00e9colte de tangor sur Petite Ile. Banane\u00a0: p\u00e9riode calme mais rester vigilant\u00a0! Ananas\u00a0: les baisses de temp\u00e9ratures et [&hellip;]<\/p>\n","protected":false},"author":5,"featured_media":0,"comment_status":"closed","ping_status":"open","sticky":false,"template":"","format":"standard","meta":{"footnotes":""},"categories":[31,27],"tags":[123],"class_list":["post-3651","post","type-post","status-publish","format-standard","hentry","category-actualites","category-bsv_cultures-fruitieres","tag-cecidomyies-des-fleurs-manguier"],"_links":{"self":[{"href":"https:\/\/www.bsv-reunion.fr\/index.php?rest_route=\/wp\/v2\/posts\/3651","targetHints":{"allow":["GET"]}}],"collection":[{"href":"https:\/\/www.bsv-reunion.fr\/index.php?rest_route=\/wp\/v2\/posts"}],"about":[{"href":"https:\/\/www.bsv-reunion.fr\/index.php?rest_route=\/wp\/v2\/types\/post"}],"author":[{"embeddable":true,"href":"https:\/\/www.bsv-reunion.fr\/index.php?rest_route=\/wp\/v2\/users\/5"}],"replies":[{"embeddable":true,"href":"https:\/\/www.bsv-reunion.fr\/index.php?rest_route=%2Fwp%2Fv2%2Fcomments&post=3651"}],"version-history":[{"count":1,"href":"https:\/\/www.bsv-reunion.fr\/index.php?rest_route=\/wp\/v2\/posts\/3651\/revisions"}],"predecessor-version":[{"id":3652,"href":"https:\/\/www.bsv-reunion.fr\/index.php?rest_route=\/wp\/v2\/posts\/3651\/revisions\/3652"}],"wp:attachment":[{"href":"https:\/\/www.bsv-reunion.fr\/index.php?rest_route=%2Fwp%2Fv2%2Fmedia&parent=3651"}],"wp:term":[{"taxonomy":"category","embeddable":true,"href":"https:\/\/www.bsv-reunion.fr\/index.php?rest_route=%2Fwp%2Fv2%2Fcategories&post=3651"},{"taxonomy":"post_tag","embeddable":true,"href":"https:\/\/www.bsv-reunion.fr\/index.php?rest_route=%2Fwp%2Fv2%2Ftags&post=3651"}],"curies":[{"name":"wp","href":"https:\/\/api.w.org\/{rel}","templated":true}]}}