
{"id":3690,"date":"2022-12-30T12:35:00","date_gmt":"2022-12-30T11:35:00","guid":{"rendered":"http:\/\/www.bsv-reunion.fr\/?p=3690"},"modified":"2023-03-20T13:14:31","modified_gmt":"2023-03-20T12:14:31","slug":"bsv-cultures-fruitieres-decembre-2022","status":"publish","type":"post","link":"https:\/\/www.bsv-reunion.fr\/?p=3690","title":{"rendered":"BSV cultures fruiti\u00e8res &#8211; D\u00e9cembre 2022"},"content":{"rendered":"<p><a href=\"https:\/\/www.bsv-reunion.fr\/wp-content\/uploads\/2023\/03\/BSV-Fruits-Decembre-2022-final.pdf\">&gt;&gt; T\u00e9l\u00e9charger le BSV &#8211; cultures fruiti\u00e8res de d\u00e9cembre 2022 &lt;&lt;<\/a><\/p>\n<p>A retenir :<\/p>\n<p><strong>M\u00e9t\u00e9orologie :<\/strong> ce mois de d\u00e9cembre est \u00e0 nouveau largement d\u00e9ficitaire en terme de pr\u00e9cipitations\u00a0!\u00a0Les moyennes de temp\u00e9ratures sont l\u00e9g\u00e8rement sup\u00e9rieures aux normales.<\/p>\n<p><strong>Agrumes : <\/strong>les attaques de cochenilles sont en augmentation. Il faut rester vigilant\u00a0!<\/p>\n<p><strong>Banane\u00a0:<\/strong> restons vigilants\u00a0!<\/p>\n<p><strong>Ananas\u00a0: <\/strong>d\u00e9but d\u2019attaques de cochenilles. A surveiller\u00a0!<\/p>\n<p><strong>Manguier<\/strong>\u00a0: avec la chaleur et la s\u00e9cheresse\u00a0: vigilance sur le stress hydrique\u00a0! Attention aux mouches des fruits, ne pas baisser les bras\u00a0! D\u00e9rogation pour l\u2019usage du SOKALCIARBO du 08\/11\/2022 au 08\/03\/2023.<\/p>\n<p><strong>Papaye<\/strong>\u00a0: suite \u00e0 la s\u00e9cheresse, attention aux cochenilles et aux tarson\u00e8mes.<\/p>\n<p><strong>+ Bilan sanitaire 2022 compar\u00e9 \u00e0 2021 pour toutes les cultures.<\/strong><\/p>\n<p><strong>Information importante\u00a0: application de la ZNT \u00ab\u00a0Riverains\u00a0\u00bb<\/strong><\/p>\n","protected":false},"excerpt":{"rendered":"<p>&gt;&gt; T\u00e9l\u00e9charger le BSV &#8211; cultures fruiti\u00e8res de d\u00e9cembre 2022 &lt;&lt; A retenir : M\u00e9t\u00e9orologie : ce mois de d\u00e9cembre est \u00e0 nouveau largement d\u00e9ficitaire en terme de pr\u00e9cipitations\u00a0!\u00a0Les moyennes de temp\u00e9ratures sont l\u00e9g\u00e8rement sup\u00e9rieures aux normales. Agrumes : les attaques de cochenilles sont en augmentation. Il faut rester vigilant\u00a0! Banane\u00a0: restons vigilants\u00a0! Ananas\u00a0: d\u00e9but d\u2019attaques de cochenilles. A surveiller\u00a0! [&hellip;]<\/p>\n","protected":false},"author":5,"featured_media":0,"comment_status":"closed","ping_status":"open","sticky":false,"template":"","format":"standard","meta":{"footnotes":""},"categories":[31,27],"tags":[570,575,579],"class_list":["post-3690","post","type-post","status-publish","format-standard","hentry","category-actualites","category-bsv_cultures-fruitieres","tag-bilan-phytosanitaire-2022","tag-sokalciarbo","tag-znt-riverains"],"_links":{"self":[{"href":"https:\/\/www.bsv-reunion.fr\/index.php?rest_route=\/wp\/v2\/posts\/3690","targetHints":{"allow":["GET"]}}],"collection":[{"href":"https:\/\/www.bsv-reunion.fr\/index.php?rest_route=\/wp\/v2\/posts"}],"about":[{"href":"https:\/\/www.bsv-reunion.fr\/index.php?rest_route=\/wp\/v2\/types\/post"}],"author":[{"embeddable":true,"href":"https:\/\/www.bsv-reunion.fr\/index.php?rest_route=\/wp\/v2\/users\/5"}],"replies":[{"embeddable":true,"href":"https:\/\/www.bsv-reunion.fr\/index.php?rest_route=%2Fwp%2Fv2%2Fcomments&post=3690"}],"version-history":[{"count":1,"href":"https:\/\/www.bsv-reunion.fr\/index.php?rest_route=\/wp\/v2\/posts\/3690\/revisions"}],"predecessor-version":[{"id":3692,"href":"https:\/\/www.bsv-reunion.fr\/index.php?rest_route=\/wp\/v2\/posts\/3690\/revisions\/3692"}],"wp:attachment":[{"href":"https:\/\/www.bsv-reunion.fr\/index.php?rest_route=%2Fwp%2Fv2%2Fmedia&parent=3690"}],"wp:term":[{"taxonomy":"category","embeddable":true,"href":"https:\/\/www.bsv-reunion.fr\/index.php?rest_route=%2Fwp%2Fv2%2Fcategories&post=3690"},{"taxonomy":"post_tag","embeddable":true,"href":"https:\/\/www.bsv-reunion.fr\/index.php?rest_route=%2Fwp%2Fv2%2Ftags&post=3690"}],"curies":[{"name":"wp","href":"https:\/\/api.w.org\/{rel}","templated":true}]}}