
{"id":3747,"date":"2023-02-28T09:55:00","date_gmt":"2023-02-28T08:55:00","guid":{"rendered":"http:\/\/www.bsv-reunion.fr\/?p=3747"},"modified":"2023-04-26T12:19:16","modified_gmt":"2023-04-26T11:19:16","slug":"bsv-cultures-fruitieres-fevrier-2023","status":"publish","type":"post","link":"https:\/\/www.bsv-reunion.fr\/?p=3747","title":{"rendered":"BSV cultures fruiti\u00e8res &#8211; F\u00e9vrier 2023"},"content":{"rendered":"<p><a href=\"https:\/\/www.bsv-reunion.fr\/wp-content\/uploads\/2023\/02\/BSV-fruits-Fevrier-2023-Final.pdf\">&gt;&gt; T\u00e9l\u00e9charger le BSV &#8211; cultures fruiti\u00e8res de f\u00e9vrier 2023 &lt;&lt;<\/a><\/p>\n<p>A retenir :<\/p>\n<p><strong>M\u00e9t\u00e9orologie<\/strong> : encore un mois plus sec que la normale, avec un d\u00e9ficit de 55 % \u00e0 la moyenne, malgr\u00e9 le passage du cyclone Freddy au large de nos c\u00f4tes, dans la nuit du 20 au 21 f\u00e9vrier.<\/p>\n<p><strong>Agrumes<\/strong>\u00a0: d\u00e9but d\u2019attaque de t\u00e9tranyques.<\/p>\n<p><strong>Banane<\/strong> : rien \u00e0 signaler.<\/p>\n<p><strong>Ananas<\/strong> : attention pr\u00e9sence de <em>Phytophthora,<\/em> \u00e0 surveiller.<\/p>\n<p><strong>Mangue<\/strong> :<\/p>\n<p>&#8211; <strong>Cyclone Freddy : des pertes par endroits \u00e9lev\u00e9es dues aux rafales <\/strong>dans un secteur allant du Port jusqu\u2019au Tour des Roches Saint-Paul.<\/p>\n<p>&#8211; La fin de saison n\u2019est plus tr\u00e8s loin : r\u00e9colte des derni\u00e8res Jos\u00e9 et des vari\u00e9t\u00e9s tardives comme la He\u00efdi &#8211; <strong>Forte pr\u00e9sence de la micro-gu\u00eape parasito\u00efde des mouches<\/strong> des fruits sur la P10 !<\/p>\n<p><strong>Papaye<\/strong> : augmentation de la population de tarson\u00e8mes sur la parcelle suivie.<\/p>\n<p><strong>Informations diverses<\/strong> :\u00a0 aides europ\u00e9ennes FEADER \u00e0 la diversification v\u00e9g\u00e9tale en arboriculture.<\/p>\n","protected":false},"excerpt":{"rendered":"<p>&gt;&gt; T\u00e9l\u00e9charger le BSV &#8211; cultures fruiti\u00e8res de f\u00e9vrier 2023 &lt;&lt; A retenir : M\u00e9t\u00e9orologie : encore un mois plus sec que la normale, avec un d\u00e9ficit de 55 % \u00e0 la moyenne, malgr\u00e9 le passage du cyclone Freddy au large de nos c\u00f4tes, dans la nuit du 20 au 21 f\u00e9vrier. Agrumes\u00a0: d\u00e9but d\u2019attaque de t\u00e9tranyques. Banane : rien [&hellip;]<\/p>\n","protected":false},"author":5,"featured_media":0,"comment_status":"closed","ping_status":"open","sticky":false,"template":"","format":"standard","meta":{"footnotes":""},"categories":[31,27],"tags":[597,596,138,595,63],"class_list":["post-3747","post","type-post","status-publish","format-standard","hentry","category-actualites","category-bsv_cultures-fruitieres","tag-aides-a-la-plantation","tag-collectes-ppnu","tag-fopius-arisanus","tag-microguepe","tag-phytophthora"],"_links":{"self":[{"href":"https:\/\/www.bsv-reunion.fr\/index.php?rest_route=\/wp\/v2\/posts\/3747","targetHints":{"allow":["GET"]}}],"collection":[{"href":"https:\/\/www.bsv-reunion.fr\/index.php?rest_route=\/wp\/v2\/posts"}],"about":[{"href":"https:\/\/www.bsv-reunion.fr\/index.php?rest_route=\/wp\/v2\/types\/post"}],"author":[{"embeddable":true,"href":"https:\/\/www.bsv-reunion.fr\/index.php?rest_route=\/wp\/v2\/users\/5"}],"replies":[{"embeddable":true,"href":"https:\/\/www.bsv-reunion.fr\/index.php?rest_route=%2Fwp%2Fv2%2Fcomments&post=3747"}],"version-history":[{"count":3,"href":"https:\/\/www.bsv-reunion.fr\/index.php?rest_route=\/wp\/v2\/posts\/3747\/revisions"}],"predecessor-version":[{"id":3757,"href":"https:\/\/www.bsv-reunion.fr\/index.php?rest_route=\/wp\/v2\/posts\/3747\/revisions\/3757"}],"wp:attachment":[{"href":"https:\/\/www.bsv-reunion.fr\/index.php?rest_route=%2Fwp%2Fv2%2Fmedia&parent=3747"}],"wp:term":[{"taxonomy":"category","embeddable":true,"href":"https:\/\/www.bsv-reunion.fr\/index.php?rest_route=%2Fwp%2Fv2%2Fcategories&post=3747"},{"taxonomy":"post_tag","embeddable":true,"href":"https:\/\/www.bsv-reunion.fr\/index.php?rest_route=%2Fwp%2Fv2%2Ftags&post=3747"}],"curies":[{"name":"wp","href":"https:\/\/api.w.org\/{rel}","templated":true}]}}