
{"id":3780,"date":"2023-03-31T11:46:00","date_gmt":"2023-03-31T10:46:00","guid":{"rendered":"http:\/\/www.bsv-reunion.fr\/?p=3780"},"modified":"2023-05-04T11:54:53","modified_gmt":"2023-05-04T10:54:53","slug":"bsv-cultures-fruitieres-mars-2023","status":"publish","type":"post","link":"https:\/\/www.bsv-reunion.fr\/?p=3780","title":{"rendered":"BSV cultures fruiti\u00e8res &#8211; mars 2023"},"content":{"rendered":"\n<p><\/p>\n\n\n<p><a href=\"https:\/\/www.bsv-reunion.fr\/wp-content\/uploads\/2023\/05\/BSV-fruits_Mars_2023-Final.pdf\">&gt;&gt; T\u00e9l\u00e9charger le BSV &#8211; cultures fruiti\u00e8res de mars 2023 &lt;&lt;<\/a><\/p>\n<p>A retenir :<\/p>\n<p><strong>M\u00e9t\u00e9orologie<\/strong> : bilan global des pluies d\u00e9ficitaire (- 35 % aux normales) surtout sur l\u2019Est et Hauts du Nord-Est.\u00a0Les temp\u00e9ratures sont proches des normales.<\/p>\n<p><strong>Agrumes<\/strong>\u00a0: rien de particulier mais avec le d\u00e9but de la maturation des fruits qui approche, il faut \u00eatre vigilant.<\/p>\n<p><strong>Banane<\/strong> : rien \u00e0 signaler.<\/p>\n<p><strong>Ananas<\/strong> : rien \u00e0 signaler.<\/p>\n<p><strong>Mangue<\/strong> : la fin de la saison se dessine et les arbres entrent en croissance v\u00e9g\u00e9tative.<\/p>\n<p><strong>Papaye<\/strong> : autor\u00e9gulation de la population des tarson\u00e8mes sur la parcelle suivie.<\/p>\n<p><strong>\u00a0<\/strong><strong>Observations, informations diverses<\/strong> :<\/p>\n<p>Un poulailler dans votre verger\u00a0? Zoom sur les parcours de volailles arbor\u00e9s et leurs effets b\u00e9n\u00e9fiques<\/p>\n<p>La croissance v\u00e9g\u00e9tative des manguiers sur les parcelles P2 et P3\u00a0\u00a0\u00a0\u00a0\u00a0\u00a0\u00a0\u00a0\u00a0\u00a0\u00a0\u00a0\u00a0\u00a0\u00a0\u00a0\u00a0\u00a0\u00a0\u00a0\u00a0\u00a0<\/p>\n<p>L\u2019autor\u00e9gulation des tarson\u00e8mes sur la parcelle suivie<\/p>\n<p>Nouvelle programmation MAEC &amp; BIO 2023-2027<\/p>\n<p>Subvention FEADER \u00e0 la plantation de fruitiers<\/p>\n<p>Collecte des PPNU<\/p>\n<p><strong><em>\u00a0<\/em><\/strong><strong><em>Une nouvelle rubrique : \u00ab B\u00e9b\u00e8t\u2019 l\u2019auxiliaire ! \u00bb\u00a0: \u00ab\u00a0Favoriser les auxiliaires\u00a0\u00bb<\/em><\/strong><\/p>\n<p>\u00a0<\/p>","protected":false},"excerpt":{"rendered":"<p>&gt;&gt; T\u00e9l\u00e9charger le BSV &#8211; cultures fruiti\u00e8res de mars 2023 &lt;&lt; A retenir : M\u00e9t\u00e9orologie : bilan global des pluies d\u00e9ficitaire (- 35 % aux normales) surtout sur l\u2019Est et Hauts du Nord-Est.\u00a0Les temp\u00e9ratures sont proches des normales. Agrumes\u00a0: rien de particulier mais avec le d\u00e9but de la maturation des fruits qui approche, il faut \u00eatre vigilant. Banane : rien [&hellip;]<\/p>\n","protected":false},"author":5,"featured_media":0,"comment_status":"closed","ping_status":"open","sticky":false,"template":"","format":"standard","meta":{"footnotes":""},"categories":[31,27],"tags":[596,601,138,587,600],"class_list":["post-3780","post","type-post","status-publish","format-standard","hentry","category-actualites","category-bsv_cultures-fruitieres","tag-collectes-ppnu","tag-croissance-vegetative-manguier","tag-fopius-arisanus","tag-maec-2023","tag-parcours-volailles-en-verger"],"_links":{"self":[{"href":"https:\/\/www.bsv-reunion.fr\/index.php?rest_route=\/wp\/v2\/posts\/3780","targetHints":{"allow":["GET"]}}],"collection":[{"href":"https:\/\/www.bsv-reunion.fr\/index.php?rest_route=\/wp\/v2\/posts"}],"about":[{"href":"https:\/\/www.bsv-reunion.fr\/index.php?rest_route=\/wp\/v2\/types\/post"}],"author":[{"embeddable":true,"href":"https:\/\/www.bsv-reunion.fr\/index.php?rest_route=\/wp\/v2\/users\/5"}],"replies":[{"embeddable":true,"href":"https:\/\/www.bsv-reunion.fr\/index.php?rest_route=%2Fwp%2Fv2%2Fcomments&post=3780"}],"version-history":[{"count":1,"href":"https:\/\/www.bsv-reunion.fr\/index.php?rest_route=\/wp\/v2\/posts\/3780\/revisions"}],"predecessor-version":[{"id":3782,"href":"https:\/\/www.bsv-reunion.fr\/index.php?rest_route=\/wp\/v2\/posts\/3780\/revisions\/3782"}],"wp:attachment":[{"href":"https:\/\/www.bsv-reunion.fr\/index.php?rest_route=%2Fwp%2Fv2%2Fmedia&parent=3780"}],"wp:term":[{"taxonomy":"category","embeddable":true,"href":"https:\/\/www.bsv-reunion.fr\/index.php?rest_route=%2Fwp%2Fv2%2Fcategories&post=3780"},{"taxonomy":"post_tag","embeddable":true,"href":"https:\/\/www.bsv-reunion.fr\/index.php?rest_route=%2Fwp%2Fv2%2Ftags&post=3780"}],"curies":[{"name":"wp","href":"https:\/\/api.w.org\/{rel}","templated":true}]}}