
{"id":3866,"date":"2023-05-31T05:33:00","date_gmt":"2023-05-31T04:33:00","guid":{"rendered":"http:\/\/www.bsv-reunion.fr\/?p=3866"},"modified":"2023-07-28T07:55:21","modified_gmt":"2023-07-28T06:55:21","slug":"bsv-cultures-fruitieres-mai-2023","status":"publish","type":"post","link":"https:\/\/www.bsv-reunion.fr\/?p=3866","title":{"rendered":"BSV cultures fruiti\u00e8res &#8211; mai 2023"},"content":{"rendered":"<p><a href=\"https:\/\/www.bsv-reunion.fr\/wp-content\/uploads\/2023\/07\/BSV-fruits-mai-2023-Final.pdf\">&gt;&gt; T\u00e9l\u00e9charger le BSV &#8211; cultures fruiti\u00e8res de mai 2023 &lt;&lt;<\/a><\/p>\n<p>A retenir :<\/p>\n<p><strong>M\u00e9t\u00e9orologie<\/strong> : c\u2019est le mois de mai le plus chaud sur 56 ans de mesures (depuis 1968). Pr\u00e9cipitations proches des normales \u00e0 l\u00e9g\u00e8rement exc\u00e9dentaires par endroits pour nos stations suivies. Au niveau global de l\u2019\u00cele, la pluviom\u00e9trie est l\u00e9g\u00e8rement d\u00e9ficitaire.<\/p>\n<p><strong>Agrumes<\/strong>\u00a0: malgr\u00e9 la diminution des captures, il est imp\u00e9ratif de rester vigilant vis-\u00e0-vis des mouches des fruits.<\/p>\n<p><strong>Banane<\/strong> : rien \u00e0 signaler.<\/p>\n<p><strong>Ananas<\/strong> : il faudra rester vigilant \u00e0 l\u2019\u00e9mergence du <em>Phytophthora<\/em>.<\/p>\n<p><strong>Mangue<\/strong>\u00a0: repos v\u00e9g\u00e9tatif des arbres.<\/p>\n<p><strong>Papaye<\/strong> : rien \u00e0 signaler.<\/p>\n<p><strong>Observations, informations diverses<\/strong> :<\/p>\n<p>La Fusariose Race Tropicale 4 (TR4), le champignon d\u00e9vastateur des cultures de banane<\/p>\n<p>L\u2019anthracnose sur feuilles de manguier<\/p>\n<p>Bilan 2022\/2023 des mouches des fruits sur manguier avec l\u2019outil S@MEDIT de l\u2019Armeflhor<\/p>\n","protected":false},"excerpt":{"rendered":"<p>&gt;&gt; T\u00e9l\u00e9charger le BSV &#8211; cultures fruiti\u00e8res de mai 2023 &lt;&lt; A retenir : M\u00e9t\u00e9orologie : c\u2019est le mois de mai le plus chaud sur 56 ans de mesures (depuis 1968). Pr\u00e9cipitations proches des normales \u00e0 l\u00e9g\u00e8rement exc\u00e9dentaires par endroits pour nos stations suivies. Au niveau global de l\u2019\u00cele, la pluviom\u00e9trie est l\u00e9g\u00e8rement d\u00e9ficitaire. Agrumes\u00a0: malgr\u00e9 la diminution des captures, [&hellip;]<\/p>\n","protected":false},"author":5,"featured_media":0,"comment_status":"closed","ping_status":"open","sticky":false,"template":"","format":"standard","meta":{"footnotes":""},"categories":[31,27],"tags":[185,517,569,128,590],"class_list":["post-3866","post","type-post","status-publish","format-standard","hentry","category-actualites","category-bsv_cultures-fruitieres","tag-anthracnose-manguier","tag-foc-tr4","tag-orthops-palus","tag-punaise-des-fleurs-du-manguier","tag-smedit"],"_links":{"self":[{"href":"https:\/\/www.bsv-reunion.fr\/index.php?rest_route=\/wp\/v2\/posts\/3866","targetHints":{"allow":["GET"]}}],"collection":[{"href":"https:\/\/www.bsv-reunion.fr\/index.php?rest_route=\/wp\/v2\/posts"}],"about":[{"href":"https:\/\/www.bsv-reunion.fr\/index.php?rest_route=\/wp\/v2\/types\/post"}],"author":[{"embeddable":true,"href":"https:\/\/www.bsv-reunion.fr\/index.php?rest_route=\/wp\/v2\/users\/5"}],"replies":[{"embeddable":true,"href":"https:\/\/www.bsv-reunion.fr\/index.php?rest_route=%2Fwp%2Fv2%2Fcomments&post=3866"}],"version-history":[{"count":3,"href":"https:\/\/www.bsv-reunion.fr\/index.php?rest_route=\/wp\/v2\/posts\/3866\/revisions"}],"predecessor-version":[{"id":3921,"href":"https:\/\/www.bsv-reunion.fr\/index.php?rest_route=\/wp\/v2\/posts\/3866\/revisions\/3921"}],"wp:attachment":[{"href":"https:\/\/www.bsv-reunion.fr\/index.php?rest_route=%2Fwp%2Fv2%2Fmedia&parent=3866"}],"wp:term":[{"taxonomy":"category","embeddable":true,"href":"https:\/\/www.bsv-reunion.fr\/index.php?rest_route=%2Fwp%2Fv2%2Fcategories&post=3866"},{"taxonomy":"post_tag","embeddable":true,"href":"https:\/\/www.bsv-reunion.fr\/index.php?rest_route=%2Fwp%2Fv2%2Ftags&post=3866"}],"curies":[{"name":"wp","href":"https:\/\/api.w.org\/{rel}","templated":true}]}}