
{"id":4048,"date":"2023-12-31T11:27:45","date_gmt":"2023-12-31T10:27:45","guid":{"rendered":"https:\/\/www.bsv-reunion.fr\/?p=4048"},"modified":"2024-03-13T11:39:04","modified_gmt":"2024-03-13T10:39:04","slug":"bsv-cultures-fruitieres-decembre-2023","status":"publish","type":"post","link":"https:\/\/www.bsv-reunion.fr\/?p=4048","title":{"rendered":"BSV cultures fruiti\u00e8res &#8211; D\u00e9cembre 2023"},"content":{"rendered":"<p><a href=\"https:\/\/www.bsv-reunion.fr\/wp-content\/uploads\/2024\/03\/BSV-fruits-decembre-2023-final1.pdf\">&gt;&gt; T\u00e9l\u00e9charger le BSV &#8211; cultures fruiti\u00e8res de d\u00e9cembre 2023 &lt;&lt;<\/a><\/p>\n<p>A retenir :<\/p>\n<p><strong>M\u00e9t\u00e9orologie<\/strong> : pluviom\u00e9trie en baisse compar\u00e9e au mois pr\u00e9c\u00e9dent (- 40 % par rapport aux normales), et temp\u00e9ratures plus \u00e9lev\u00e9es que la normale (+ 0,7 %). <strong>Bilan 2022 \/ 2023<\/strong><\/p>\n<p><strong>Agrumes<\/strong>&nbsp;: foyer de phytopte et tarson\u00e8me. <strong>Bilan 2022 \/ 2023<\/strong><\/p>\n<p><strong>Ananas<\/strong> : pas de bioagresseurs observ\u00e9s. <strong>Bilan 2022 \/ 2023<\/strong><\/p>\n<p><strong>Banane<\/strong> : pas de bioagresseurs observ\u00e9s. <strong>Bilan 2022 \/ 2023<\/strong><\/p>\n<p><strong>Mangue<\/strong>&nbsp;: augmentation du nombre de fruits piqu\u00e9s par les mouches, piq\u00fbres de thrips sur Jos\u00e9 tardives, et quelques cochenilles \u00e0 Saint-Paul. <strong>Bilan 2022 \/ 2023<\/strong><\/p>\n<p><strong>Fruit de la passion&nbsp;: <\/strong>augmentation du nombre de fruits piqu\u00e9s par les mouches, 1 cas de <em>Phytophthora<\/em> sur Saint-Leu, et g\u00e9n\u00e9ralisation de la virose sur Pierrefonds.<\/p>\n<p><strong>Observations, informations diverses<\/strong> :<\/p>\n<p>&#8211; La bact\u00e9riose du manguier (ou chancre du manguier)<\/p>\n<p>&#8211; Les viroses du fruit de la passion<\/p>\n","protected":false},"excerpt":{"rendered":"<p>&gt;&gt; T\u00e9l\u00e9charger le BSV &#8211; cultures fruiti\u00e8res de d\u00e9cembre 2023 &lt;&lt; A retenir : M\u00e9t\u00e9orologie : pluviom\u00e9trie en baisse compar\u00e9e au mois pr\u00e9c\u00e9dent (- 40 % par rapport aux normales), et temp\u00e9ratures plus \u00e9lev\u00e9es que la normale (+ 0,7 %). Bilan 2022 \/ 2023 Agrumes&nbsp;: foyer de phytopte et tarson\u00e8me. Bilan 2022 \/ 2023 Ananas : pas de bioagresseurs observ\u00e9s. [&hellip;]<\/p>\n","protected":false},"author":5,"featured_media":0,"comment_status":"closed","ping_status":"open","sticky":false,"template":"","format":"standard","meta":{"footnotes":""},"categories":[31,27],"tags":[687,668,689,690,688],"class_list":["post-4048","post","type-post","status-publish","format-standard","hentry","category-actualites","category-bsv_cultures-fruitieres","tag-bacteriose-du-manguier","tag-bilan-phytosanitaire-2023","tag-cmv-fruit-de-la-passion","tag-pwv-fruit-de-la-passion","tag-viroses-fruit-de-la-passion"],"_links":{"self":[{"href":"https:\/\/www.bsv-reunion.fr\/index.php?rest_route=\/wp\/v2\/posts\/4048","targetHints":{"allow":["GET"]}}],"collection":[{"href":"https:\/\/www.bsv-reunion.fr\/index.php?rest_route=\/wp\/v2\/posts"}],"about":[{"href":"https:\/\/www.bsv-reunion.fr\/index.php?rest_route=\/wp\/v2\/types\/post"}],"author":[{"embeddable":true,"href":"https:\/\/www.bsv-reunion.fr\/index.php?rest_route=\/wp\/v2\/users\/5"}],"replies":[{"embeddable":true,"href":"https:\/\/www.bsv-reunion.fr\/index.php?rest_route=%2Fwp%2Fv2%2Fcomments&post=4048"}],"version-history":[{"count":3,"href":"https:\/\/www.bsv-reunion.fr\/index.php?rest_route=\/wp\/v2\/posts\/4048\/revisions"}],"predecessor-version":[{"id":4052,"href":"https:\/\/www.bsv-reunion.fr\/index.php?rest_route=\/wp\/v2\/posts\/4048\/revisions\/4052"}],"wp:attachment":[{"href":"https:\/\/www.bsv-reunion.fr\/index.php?rest_route=%2Fwp%2Fv2%2Fmedia&parent=4048"}],"wp:term":[{"taxonomy":"category","embeddable":true,"href":"https:\/\/www.bsv-reunion.fr\/index.php?rest_route=%2Fwp%2Fv2%2Fcategories&post=4048"},{"taxonomy":"post_tag","embeddable":true,"href":"https:\/\/www.bsv-reunion.fr\/index.php?rest_route=%2Fwp%2Fv2%2Ftags&post=4048"}],"curies":[{"name":"wp","href":"https:\/\/api.w.org\/{rel}","templated":true}]}}