
{"id":4431,"date":"2025-08-31T13:24:52","date_gmt":"2025-08-31T12:24:52","guid":{"rendered":"https:\/\/www.bsv-reunion.fr\/?p=4431"},"modified":"2025-09-23T08:34:33","modified_gmt":"2025-09-23T07:34:33","slug":"bsv-cultures-fruitieres-juillet-aout-2025","status":"publish","type":"post","link":"https:\/\/www.bsv-reunion.fr\/?p=4431","title":{"rendered":"BSV cultures fruiti\u00e8res &#8211; juillet\/ao\u00fbt 2025"},"content":{"rendered":"<p><a href=\"https:\/\/www.bsv-reunion.fr\/wp-content\/uploads\/2025\/09\/BSV-Fruits-Juillet-Aout-2025-final.pdf\">&gt;&gt; T\u00e9l\u00e9charger le BSV &#8211; cultures fruiti\u00e8res de juillet\/ao\u00fbt 2025&lt;&lt;<\/a><\/p>\n<p>A retenir :<\/p>\n<p><strong>M\u00e9t\u00e9orologie\u00a0:<\/strong> Au niveau global, des temp\u00e9ratures l\u00e9g\u00e8rement au-dessus des normales et des pluies l\u00e9g\u00e8rement exc\u00e9dentaires en cette fin d\u2019hiver. Pour le prochain trimestre, M\u00e9t\u00e9o France pr\u00e9voit le retour d\u2019une situation s\u00e8che \u00e0 normale des pr\u00e9cipitations.<\/p>\n<p><strong>Agrumes<\/strong>\u00a0<strong>: <\/strong>Fin de r\u00e9colte. Poursuivre les bonnes pratiques vis-\u00e0-vis des mouches des fruits (prophylaxie fruits au sol)<\/p>\n<p><strong>Banane<\/strong>\u00a0<strong>: <\/strong>Forte pression des champignons a\u00e9riens. Un effeuillage partiel permettra de stopper leur propagation.<\/p>\n<p><strong>Ananas<em>\u00a0<\/em>:<\/strong> Maintien des sympt\u00f4mes de Wilt et apparition de la maladie des taches noires.<\/p>\n<p><strong>Mangue\u00a0:<\/strong> Arriv\u00e9e des punaises, des thrips, de l\u2019o\u00efdium et fortes attaques de c\u00e9cidomyies sur les inflorescences\u00a0: <strong>A surveiller.<\/strong><\/p>\n<p><strong>Fruit de la passion\u00a0: <\/strong>Maintien d\u2019une forte pression des viroses.<\/p>\n<p><strong>Focus\u00a0: La cercosporiose noire de nouveau d\u00e9tect\u00e9e dans l\u2019Est. 3<sup>\u00e8me<\/sup> vague d\u2019aides France-Agrimer pour les agro\u00e9quipements. <\/strong>Mise \u00e0 jour des notes nationales biodiversit\u00e9 et de la liste des produits de biocontr\u00f4le et d\u00e9rogations 120j.<\/p>\n","protected":false},"excerpt":{"rendered":"<p>&gt;&gt; T\u00e9l\u00e9charger le BSV &#8211; cultures fruiti\u00e8res de juillet\/ao\u00fbt 2025&lt;&lt; A retenir : M\u00e9t\u00e9orologie\u00a0: Au niveau global, des temp\u00e9ratures l\u00e9g\u00e8rement au-dessus des normales et des pluies l\u00e9g\u00e8rement exc\u00e9dentaires en cette fin d\u2019hiver. Pour le prochain trimestre, M\u00e9t\u00e9o France pr\u00e9voit le retour d\u2019une situation s\u00e8che \u00e0 normale des pr\u00e9cipitations. Agrumes\u00a0: Fin de r\u00e9colte. Poursuivre les bonnes pratiques vis-\u00e0-vis des mouches des [&hellip;]<\/p>\n","protected":false},"author":5,"featured_media":0,"comment_status":"closed","ping_status":"open","sticky":false,"template":"","format":"standard","meta":{"footnotes":""},"categories":[31,27],"tags":[674,365,196,790,825,823,826,824,399,758],"class_list":["post-4431","post","type-post","status-publish","format-standard","hentry","category-actualites","category-bsv_cultures-fruitieres","tag-aides-financieres","tag-cercosporiose-noire-du-bananier","tag-charancon-bananier","tag-derogation-120j","tag-everest-ananas","tag-fourmis","tag-liste-produits-de-biocontrole","tag-notes-biodiversite","tag-pseudocercospora-fijiensis","tag-psylle-africain-des-agrumes"],"_links":{"self":[{"href":"https:\/\/www.bsv-reunion.fr\/index.php?rest_route=\/wp\/v2\/posts\/4431","targetHints":{"allow":["GET"]}}],"collection":[{"href":"https:\/\/www.bsv-reunion.fr\/index.php?rest_route=\/wp\/v2\/posts"}],"about":[{"href":"https:\/\/www.bsv-reunion.fr\/index.php?rest_route=\/wp\/v2\/types\/post"}],"author":[{"embeddable":true,"href":"https:\/\/www.bsv-reunion.fr\/index.php?rest_route=\/wp\/v2\/users\/5"}],"replies":[{"embeddable":true,"href":"https:\/\/www.bsv-reunion.fr\/index.php?rest_route=%2Fwp%2Fv2%2Fcomments&post=4431"}],"version-history":[{"count":5,"href":"https:\/\/www.bsv-reunion.fr\/index.php?rest_route=\/wp\/v2\/posts\/4431\/revisions"}],"predecessor-version":[{"id":4463,"href":"https:\/\/www.bsv-reunion.fr\/index.php?rest_route=\/wp\/v2\/posts\/4431\/revisions\/4463"}],"wp:attachment":[{"href":"https:\/\/www.bsv-reunion.fr\/index.php?rest_route=%2Fwp%2Fv2%2Fmedia&parent=4431"}],"wp:term":[{"taxonomy":"category","embeddable":true,"href":"https:\/\/www.bsv-reunion.fr\/index.php?rest_route=%2Fwp%2Fv2%2Fcategories&post=4431"},{"taxonomy":"post_tag","embeddable":true,"href":"https:\/\/www.bsv-reunion.fr\/index.php?rest_route=%2Fwp%2Fv2%2Ftags&post=4431"}],"curies":[{"name":"wp","href":"https:\/\/api.w.org\/{rel}","templated":true}]}}