
{"id":4505,"date":"2026-02-28T10:58:09","date_gmt":"2026-02-28T09:58:09","guid":{"rendered":"https:\/\/www.bsv-reunion.fr\/?p=4505"},"modified":"2026-03-16T11:37:20","modified_gmt":"2026-03-16T10:37:20","slug":"bsv-cultures-fruitieres-janvier-fevrier-2026","status":"publish","type":"post","link":"https:\/\/www.bsv-reunion.fr\/?p=4505","title":{"rendered":"BSV cultures fruiti\u00e8res &#8211; janvier\/f\u00e9vrier 2026"},"content":{"rendered":"<p><a href=\"https:\/\/www.bsv-reunion.fr\/wp-content\/uploads\/2026\/03\/BSV-Fruits-janv-fevrier-2026-final.pdf\">&gt;&gt; T\u00e9l\u00e9charger le BSV cultures fruiti\u00e8res de janvier \u00e0 f\u00e9vrier 2026 &lt;&lt;<\/a><\/p>\n<p>A retenir :<\/p>\n<p><strong>M\u00e9t\u00e9orologie\u00a0:<\/strong> Au niveau des moyennes globales, les temp\u00e9ratures sont toujours au-dessus des normales et les pluies sont largement d\u00e9ficitaires. La tendance \u00e0 trois mois pr\u00e9voit des pluies incertaines avec cependant un signal proche des normales dans le Sud avec la poursuite de la saison des pluies.<\/p>\n<p><strong>Agrumes<\/strong>\u00a0<strong>: <\/strong>Pr\u00e9sence de thrips, de phytoptes et de tarson\u00e8mes sur jeunes fruits. A surveiller.<\/p>\n<p><strong>Ananas<em>\u00a0<\/em>: <\/strong>Des cochenilles et des sympt\u00f4mes du Wilt sur les parcelles suivies.<\/p>\n<p><strong>Banane<\/strong>\u00a0<strong>: <\/strong>Maintien d\u2019une forte pression des champignons a\u00e9riens et mont\u00e9e en puissance des pucerons. A surveiller.<\/p>\n<p><strong>Mangue\u00a0:<\/strong> Forte pression des mouches des fruits sur les derniers fruits. Attaque de longicorne dans l\u2019Ouest.<\/p>\n<p><strong>Fruit de la passion\u00a0: <\/strong>Forte pression des mouches des fruits et des viroses.<strong> \u00a0<\/strong><\/p>\n<p><strong>Focus\u00a0: <\/strong>Notes biodiversit\u00e9\u00a0; Liste des produits de biocontr\u00f4le\u00a0; Campagne de vaccination gratuite contre la leptospirose.<\/p>\n","protected":false},"excerpt":{"rendered":"<p>&gt;&gt; T\u00e9l\u00e9charger le BSV cultures fruiti\u00e8res de janvier \u00e0 f\u00e9vrier 2026 &lt;&lt; A retenir : M\u00e9t\u00e9orologie\u00a0: Au niveau des moyennes globales, les temp\u00e9ratures sont toujours au-dessus des normales et les pluies sont largement d\u00e9ficitaires. La tendance \u00e0 trois mois pr\u00e9voit des pluies incertaines avec cependant un signal proche des normales dans le Sud avec la poursuite de la saison des [&hellip;]<\/p>\n","protected":false},"author":5,"featured_media":0,"comment_status":"closed","ping_status":"open","sticky":false,"template":"","format":"standard","meta":{"footnotes":""},"categories":[31,27],"tags":[247,585,153,68,72,810,91,152],"class_list":["post-4505","post","type-post","status-publish","format-standard","hentry","category-actualites","category-bsv_cultures-fruitieres","tag-cmv-bananier","tag-cratopus","tag-longicorne","tag-mouches-des-fruits","tag-phytopte","tag-pucerons-bananier","tag-rats","tag-scirtothrips-aurantii"],"_links":{"self":[{"href":"https:\/\/www.bsv-reunion.fr\/index.php?rest_route=\/wp\/v2\/posts\/4505","targetHints":{"allow":["GET"]}}],"collection":[{"href":"https:\/\/www.bsv-reunion.fr\/index.php?rest_route=\/wp\/v2\/posts"}],"about":[{"href":"https:\/\/www.bsv-reunion.fr\/index.php?rest_route=\/wp\/v2\/types\/post"}],"author":[{"embeddable":true,"href":"https:\/\/www.bsv-reunion.fr\/index.php?rest_route=\/wp\/v2\/users\/5"}],"replies":[{"embeddable":true,"href":"https:\/\/www.bsv-reunion.fr\/index.php?rest_route=%2Fwp%2Fv2%2Fcomments&post=4505"}],"version-history":[{"count":1,"href":"https:\/\/www.bsv-reunion.fr\/index.php?rest_route=\/wp\/v2\/posts\/4505\/revisions"}],"predecessor-version":[{"id":4507,"href":"https:\/\/www.bsv-reunion.fr\/index.php?rest_route=\/wp\/v2\/posts\/4505\/revisions\/4507"}],"wp:attachment":[{"href":"https:\/\/www.bsv-reunion.fr\/index.php?rest_route=%2Fwp%2Fv2%2Fmedia&parent=4505"}],"wp:term":[{"taxonomy":"category","embeddable":true,"href":"https:\/\/www.bsv-reunion.fr\/index.php?rest_route=%2Fwp%2Fv2%2Fcategories&post=4505"},{"taxonomy":"post_tag","embeddable":true,"href":"https:\/\/www.bsv-reunion.fr\/index.php?rest_route=%2Fwp%2Fv2%2Ftags&post=4505"}],"curies":[{"name":"wp","href":"https:\/\/api.w.org\/{rel}","templated":true}]}}