
{"id":79,"date":"2013-08-20T09:34:28","date_gmt":"2013-08-20T08:34:28","guid":{"rendered":""},"modified":"2014-09-24T06:59:29","modified_gmt":"2014-09-24T05:59:29","slug":"cultures-ornementales-aout-2013","status":"publish","type":"post","link":"https:\/\/www.bsv-reunion.fr\/?p=79","title":{"rendered":"BSV &#8211; Cultures ornementales Aout 2013"},"content":{"rendered":"<p><a href=\"https:\/\/www.bsv-reunion.fr\/wp-content\/uploads\/2013\/08\/BSV-horticulture-aout-2013.pdf\">&gt;&gt; <\/a><a href=\"https:\/\/www.bsv-reunion.fr\/wp-content\/uploads\/2012\/06\/BSV-horticulture-juin-2012.pdf\">T\u00e9l\u00e9charger le BSV &#8211; Cultures ornementales d&rsquo;a<\/a><a href=\"https:\/\/www.bsv-reunion.fr\/wp-content\/uploads\/2013\/08\/BSV-horticulture-aout-2013.pdf\">o\u00fbt 2013 &lt;&lt;<\/a><\/p>\n<p>Avec des temp\u00e9ratures en baisse de plusieurs degr\u00e9s par rapport au mois de mai et juin et des pr\u00e9cipitations bien en dessous des moyennes d\u00e9cennales, l&rsquo;hiver s&rsquo;est bien install\u00e9.<br \/>\nLes\u00a0\u00a0 conditions\u00a0\u00a0 hivernales\u00a0\u00a0 sont\u00a0\u00a0 plut\u00f4t\u00a0\u00a0 favorables\u00a0\u00a0 \u00e0\u00a0\u00a0 la\u00a0\u00a0 diminution\u00a0\u00a0 de\u00a0\u00a0 la\u00a0\u00a0 pression\u00a0\u00a0 parasitaire\u00a0\u00a0 sur\u00a0\u00a0 les\u00a0\u00a0 cultures ornementales, mais cela\u00a0 ne doit pas nous inciter \u00e0 baisser la vigilance !<br \/>\nALERTE : <em>Aleurocanthus spiniferus<\/em> un nouvel aleurode d\u00e9tect\u00e9 sur l&rsquo;\u00eele.<br \/>\nRendez vous sur : <a href=\"https:\/\/www.fdgdon974.fr\/spip.php?article151\">https:\/\/www.fdgdon974.fr\/spip.php?article151 <\/a><\/p>\n","protected":false},"excerpt":{"rendered":"<p>&gt;&gt; T\u00e9l\u00e9charger le BSV &#8211; Cultures ornementales d&rsquo;ao\u00fbt 2013 &lt;&lt; Avec des temp\u00e9ratures en baisse de plusieurs degr\u00e9s par rapport au mois de mai et juin et des pr\u00e9cipitations bien en dessous des moyennes d\u00e9cennales, l&rsquo;hiver s&rsquo;est bien install\u00e9. Les\u00a0\u00a0 conditions\u00a0\u00a0 hivernales\u00a0\u00a0 sont\u00a0\u00a0 plut\u00f4t\u00a0\u00a0 favorables\u00a0\u00a0 \u00e0\u00a0\u00a0 la\u00a0\u00a0 diminution\u00a0\u00a0 de\u00a0\u00a0 la\u00a0\u00a0 pression\u00a0\u00a0 parasitaire\u00a0\u00a0 sur\u00a0\u00a0 les\u00a0\u00a0 cultures ornementales, mais cela\u00a0 ne doit [&hellip;]<\/p>\n","protected":false},"author":2,"featured_media":0,"comment_status":"open","ping_status":"open","sticky":false,"template":"","format":"standard","meta":{"footnotes":""},"categories":[26,20],"tags":[131,64],"class_list":["post-79","post","type-post","status-publish","format-standard","hentry","category-bsv_cultures-ornementales","category-type-cultures","tag-rouille-blanche-du-chrysantheme","tag-thrips"],"_links":{"self":[{"href":"https:\/\/www.bsv-reunion.fr\/index.php?rest_route=\/wp\/v2\/posts\/79","targetHints":{"allow":["GET"]}}],"collection":[{"href":"https:\/\/www.bsv-reunion.fr\/index.php?rest_route=\/wp\/v2\/posts"}],"about":[{"href":"https:\/\/www.bsv-reunion.fr\/index.php?rest_route=\/wp\/v2\/types\/post"}],"author":[{"embeddable":true,"href":"https:\/\/www.bsv-reunion.fr\/index.php?rest_route=\/wp\/v2\/users\/2"}],"replies":[{"embeddable":true,"href":"https:\/\/www.bsv-reunion.fr\/index.php?rest_route=%2Fwp%2Fv2%2Fcomments&post=79"}],"version-history":[{"count":7,"href":"https:\/\/www.bsv-reunion.fr\/index.php?rest_route=\/wp\/v2\/posts\/79\/revisions"}],"predecessor-version":[{"id":1116,"href":"https:\/\/www.bsv-reunion.fr\/index.php?rest_route=\/wp\/v2\/posts\/79\/revisions\/1116"}],"wp:attachment":[{"href":"https:\/\/www.bsv-reunion.fr\/index.php?rest_route=%2Fwp%2Fv2%2Fmedia&parent=79"}],"wp:term":[{"taxonomy":"category","embeddable":true,"href":"https:\/\/www.bsv-reunion.fr\/index.php?rest_route=%2Fwp%2Fv2%2Fcategories&post=79"},{"taxonomy":"post_tag","embeddable":true,"href":"https:\/\/www.bsv-reunion.fr\/index.php?rest_route=%2Fwp%2Fv2%2Ftags&post=79"}],"curies":[{"name":"wp","href":"https:\/\/api.w.org\/{rel}","templated":true}]}}